{"id":373911,"date":"2025-09-07T22:19:10","date_gmt":"2025-09-07T22:19:10","guid":{"rendered":"https:\/\/www.europesays.com\/fr\/373911\/"},"modified":"2025-09-07T22:19:10","modified_gmt":"2025-09-07T22:19:10","slug":"anisimova-ne-perd-pas-espoir-de-briller-en-grand-chelem","status":"publish","type":"post","link":"https:\/\/www.europesays.com\/fr\/373911\/","title":{"rendered":"Anisimova ne perd pas espoir de briller en Grand Chelem"},"content":{"rendered":"<p class=\"date\">\n                                                            Mathieu Warnier, Media365 : publi\u00e9 le dimanche 07 septembre 2025 \u00e0 17h05\n                                                    <\/p>\n<p>Alors qu&rsquo;elle a connu la d\u00e9faite lors de ses deux premi\u00e8res finales en Grand Chelem, Amanda Anisimova ne veut pas croire en la fatalit\u00e9 et compte bien continuer \u00e0 travailler pour aller chercher un titre majeur.<\/p>\n<p>Le soutien du public n&rsquo;a pas \u00e9t\u00e9 suffisant. Deux mois apr\u00e8s avoir \u00e9t\u00e9 transparente contre Iga Swiatek en finale de Wimbledon, Amanda Anisimova a fait douter Aryna Sabalenka au m\u00eame stade de la comp\u00e9tition lors de l&rsquo;US Open. Toutefois, <a href=\"https:\/\/sports.orange.fr\/tennis\/us-open\/article\/us-open-f-sabalenka-sacree-a-nouveau-apres-sa-victoire-sur-anisimova-CNT000002kvVbj.html\" rel=\"nofollow noopener\" target=\"_blank\">l&rsquo;Am\u00e9ricaine n&rsquo;a pas \u00e9t\u00e9 en mesure d&rsquo;avoir le dernier mot au terme d&rsquo;une rencontre boucl\u00e9e en deux manches par la num\u00e9ro 1 mondiale<\/a>. A l&rsquo;occasion de la conf\u00e9rence de presse cons\u00e9cutive \u00e0 cette finale, la native de Freehold a admis n&rsquo;avoir pas abord\u00e9 l&rsquo;\u00e9v\u00e9nement dans les meilleures conditions. \u00ab\u00a0J&rsquo;avais le sentiment durant le match de ne pas jouer mon meilleur tennis, a-t-elle confi\u00e9 dans des propos recueillis par le quotidien L&rsquo;Equipe. Je suis tr\u00e8s nerveuse en finale, c&rsquo;est quelque chose sur lequel je travaille, mais j&rsquo;aurais aim\u00e9 jouer de mani\u00e8re plus agressive.\u00a0\u00bb A ses yeux, Amanda Anisimova n&rsquo;a \u00ab\u00a0pas pris (son) destin en main\u00a0\u00bb \u00e0 l&rsquo;occasion de cette rencontre. Malgr\u00e9 tout, elle assure qu&rsquo;elle \u00e9tait \u00ab\u00a0tr\u00e8s motiv\u00e9e pour cette finale\u00a0\u00bb et \u00ab\u00a0cela aurait \u00e9t\u00e9 un r\u00eave qui se r\u00e9alise d&rsquo;aller au bout\u00a0\u00bb. \u00ab\u00a0J&rsquo;ai envie de continuer \u00e0 travailler dur pour m&rsquo;offrir d&rsquo;autres opportunit\u00e9s d&rsquo;\u00eatre en finale.\u00a0\u00bb, a-t-elle ajout\u00e9. Pour sa dixi\u00e8me confrontation face \u00e0 Aryna Sabalenka, l&rsquo;Am\u00e9ricaine a connu la d\u00e9faite pour la quatri\u00e8me fois seulement.<\/p>\n<p>Anisimova : \u00ab\u00a0 Je ne pouvais pas voir la balle quand je servais\u00a0\u00bb<\/p>\n<p>Une adversaire qui a su la prendre \u00e0 la gorge d\u00e8s les premiers \u00e9changes de cette finale. \u00ab\u00a0Elle a tout de suite produit un tr\u00e8s haut niveau de tennis, a affirm\u00e9 <a href=\"https:\/\/sports.orange.fr\/tennis\/us-open\/article\/us-open-f-anisimova-a-realise-son-reve-sabalenka-a-appris-de-ses-erreurs-CNT000002kuIWt.html\" rel=\"nofollow noopener\" target=\"_blank\">Amanda Anisimova<\/a> face \u00e0 la presse. Elle n&rsquo;est pas num\u00e9ro\u00a01 mondiale pour rien, elle peut jouer extr\u00eamement bien, comme elle l&rsquo;a fait aujourd&rsquo;hui\u00a0(samedi).\u00a0\u00bb De plus, celle qui pointera au quatri\u00e8me rang mondial d\u00e8s ce lundi n&rsquo;a pas \u00e9t\u00e9 aid\u00e9 par les conditions de jeu, avec le toit qui a \u00e9t\u00e9 ferm\u00e9 en raison des intemp\u00e9ries sur New York. \u00ab\u00a0Je n&rsquo;avais pas encore jou\u00e9 sur ce court en journ\u00e9e avec le toit ferm\u00e9. Et c&rsquo;\u00e9tait litt\u00e9ralement blanc, je ne pouvais pas voir la balle quand je servais, a-t-elle expliqu\u00e9. D\u00e8s l&rsquo;\u00e9chauffement, je m&rsquo;\u00e9tais dit que \u00e7a allait \u00eatre un probl\u00e8me. Je ne savais pas quoi faire. C&rsquo;\u00e9tait impossible de s&rsquo;ajuster.\u00a0\u00bb Des difficult\u00e9s au service qui se sont confirm\u00e9es avec cinq jeux de service conc\u00e9d\u00e9s sur dix disput\u00e9s ce samedi. Malgr\u00e9 tout, c&rsquo;est une le\u00e7on qu&rsquo;elle pourra tirer de cette finale. \u00ab\u00a0\u00c7a m&rsquo;aidera \u00e0 l&rsquo;avenir si \u00e7a se reproduit, mais c&rsquo;\u00e9tait extr\u00eamement frustrant, a affirm\u00e9 Amanda Anisimova. Je ne m&rsquo;y attendais pas du tout. Cela a beaucoup affect\u00e9 mon service.\u00a0\u00bb Des difficult\u00e9s qui lui ont co\u00fbt\u00e9 cher dans une finale qui s&rsquo;est jou\u00e9 sur quelques points seulement.<\/p>\n","protected":false},"excerpt":{"rendered":"Mathieu Warnier, Media365 : publi\u00e9 le dimanche 07 septembre 2025 \u00e0 17h05 Alors qu&rsquo;elle a connu la d\u00e9faite&hellip;\n","protected":false},"author":2,"featured_media":373912,"comment_status":"","ping_status":"","sticky":false,"template":"","format":"standard","meta":{"footnotes":""},"categories":[1415],"tags":[1011,27,60,1467],"class_list":{"0":"post-373911","1":"post","2":"type-post","3":"status-publish","4":"format-standard","5":"has-post-thumbnail","7":"category-tennis","8":"tag-fr","9":"tag-france","10":"tag-sports","11":"tag-tennis"},"share_on_mastodon":{"url":"https:\/\/pubeurope.com\/@fr\/115165342131818644","error":""},"_links":{"self":[{"href":"https:\/\/www.europesays.com\/fr\/wp-json\/wp\/v2\/posts\/373911","targetHints":{"allow":["GET"]}}],"collection":[{"href":"https:\/\/www.europesays.com\/fr\/wp-json\/wp\/v2\/posts"}],"about":[{"href":"https:\/\/www.europesays.com\/fr\/wp-json\/wp\/v2\/types\/post"}],"author":[{"embeddable":true,"href":"https:\/\/www.europesays.com\/fr\/wp-json\/wp\/v2\/users\/2"}],"replies":[{"embeddable":true,"href":"https:\/\/www.europesays.com\/fr\/wp-json\/wp\/v2\/comments?post=373911"}],"version-history":[{"count":0,"href":"https:\/\/www.europesays.com\/fr\/wp-json\/wp\/v2\/posts\/373911\/revisions"}],"wp:featuredmedia":[{"embeddable":true,"href":"https:\/\/www.europesays.com\/fr\/wp-json\/wp\/v2\/media\/373912"}],"wp:attachment":[{"href":"https:\/\/www.europesays.com\/fr\/wp-json\/wp\/v2\/media?parent=373911"}],"wp:term":[{"taxonomy":"category","embeddable":true,"href":"https:\/\/www.europesays.com\/fr\/wp-json\/wp\/v2\/categories?post=373911"},{"taxonomy":"post_tag","embeddable":true,"href":"https:\/\/www.europesays.com\/fr\/wp-json\/wp\/v2\/tags?post=373911"}],"curies":[{"name":"wp","href":"https:\/\/api.w.org\/{rel}","templated":true}]}}