{"id":373913,"date":"2025-09-07T22:21:20","date_gmt":"2025-09-07T22:21:20","guid":{"rendered":"https:\/\/www.europesays.com\/fr\/373913\/"},"modified":"2025-09-07T22:21:20","modified_gmt":"2025-09-07T22:21:20","slug":"morbidelli-sera-penalise-au-grand-prix-de-saint-marin","status":"publish","type":"post","link":"https:\/\/www.europesays.com\/fr\/373913\/","title":{"rendered":"Morbidelli sera p\u00e9nalis\u00e9 au Grand Prix de Saint-Marin"},"content":{"rendered":"<p><a href=\"https:\/\/fr.motorsport.com\/driver\/franco-morbidelli\/109417\/\" target=\"_blank\" rel=\"noopener nofollow\">Franco Morbidelli<\/a> ne participera pas aux dix premi\u00e8res minutes de la premi\u00e8re s\u00e9ance d&rsquo;essais libres du Grand Prix de Saint-Marin, vendredi \u00e0 Misano. Le pilote VR46 a \u00e9t\u00e9 jug\u00e9 coupable de ne pas avoir respect\u00e9 les consignes des commissaires apr\u00e8s sa chute survenue pendant le Grand Prix de Catalogne ce dimanche.<\/p>\n<p>Le week-end de Morbidelli en Catalogne avait pourtant bien commenc\u00e9, lui qui a \u00e9t\u00e9 prolong\u00e9 r\u00e9cemment dans l&rsquo;\u00e9quipe d\u00e9tenue par <a href=\"https:\/\/fr.motorsport.com\/driver\/valentino-rossi\/76374\/\" target=\"_blank\" rel=\"noopener nofollow\">Valentino Rossi<\/a> jusqu&rsquo;en 2026. Mais la manche barcelonaise a tr\u00e8s vite tourn\u00e9 au vinaigre pour l&rsquo;Italien. Alors qu&rsquo;il avait r\u00e9ussi \u00e0 d\u00e9crocher une belle quatri\u00e8me place sur la grille de d\u00e9part, il a termin\u00e9 le sprint et la course longue dans le bac \u00e0 gravier du virage 10.<\/p>\n<p>Lors de l&rsquo;\u00e9preuve courte, Morbidelli s&rsquo;est accroch\u00e9 avec l&rsquo;Aprilia de <a href=\"https:\/\/fr.motorsport.com\/driver\/jorge-martin\/109391\/\" target=\"_blank\" rel=\"noopener nofollow\">Jorge Mart\u00edn<\/a>. Jug\u00e9 responsable de l&rsquo;incident, il a \u00e9cop\u00e9 d&rsquo;un long-lap \u00e0 purger lors de la course de dimanche. Aujourd&rsquo;hui, il est entr\u00e9 en contact avec l&rsquo;Aprilia de <a href=\"https:\/\/fr.motorsport.com\/driver\/marco-bezzecchi\/441839\/\" target=\"_blank\" rel=\"noopener nofollow\">Marco Bezzecchi<\/a>, entra\u00eenant la chute de ce dernier ainsi que, par mim\u00e9tisme, celle de l&rsquo;autre Ducati VR46 de <a href=\"https:\/\/fr.motorsport.com\/driver\/fabio-di-giannantonio\/289538\/\" target=\"_blank\" rel=\"noopener nofollow\">Fabio Di Giannantonio<\/a>, tandis que lui-m\u00eame a pu continuer. Cette fois, les commissaires ont consid\u00e9r\u00e9 qu&rsquo;il s&rsquo;agissait d&rsquo;un simple incident de course.<\/p>\n<p>Seulement, apr\u00e8s avoir purg\u00e9 son long-lap et \u00eatre descendu au fond du peloton, Morbidelli avait r\u00e9ussi \u00e0 remonter jusqu&rsquo;aux portes des points, avant de finalement partir \u00e0 la faute, \u00e0 nouveau dans le virage 10. C&rsquo;est seulement apr\u00e8s la fin de la course que la p\u00e9nalit\u00e9 du pilote VR46 a \u00e9t\u00e9 communiqu\u00e9e, \u00e0 la suite d&rsquo;une discussion qui se serait tenue avec les commissaires de piste.<\/p>\n<p>   <img decoding=\"async\" draggable=\"false\" src=\"https:\/\/www.europesays.com\/fr\/wp-content\/uploads\/2025\/09\/1757283680_53_franco-morbidelli-vr46-racing-.jpg\" alt=\"Franco Morbidelli avec les commissaires apr\u00e8s sa chute. \" width=\"1200\" height=\"800\" loading=\"lazy\"\/> <\/p>\n<p class=\"title\">Franco Morbidelli avec les commissaires apr\u00e8s sa chute.<\/p>\n<p class=\"photographer\">Photo de: Gold and Goose Photography \/ LAT Images \/ via Getty Images<\/p>\n<p>\u00ab\u00a0Apr\u00e8s une chute au virage 10, il a \u00e9t\u00e9 constat\u00e9 que vous aviez adopt\u00e9 un comportement irresponsable, en d\u00e9sob\u00e9issant aux instructions directes des commissaires, ce qui a pu cr\u00e9er un danger pour vous-m\u00eame et pour les autres\u00a0\u00bb, peut-on lire dans le document officiel publi\u00e9 par le panel de commissaires. \u00ab\u00a0Cela contrevient aux instructions sp\u00e9cifiques donn\u00e9es aux concurrents et \u00e9quipes de MotoGP, perturbe la s\u00e9ance et est consid\u00e9r\u00e9 comme une conduite irresponsable.\u00a0\u00bb<\/p>\n<p>\u00ab\u00a0Il s&rsquo;agit donc d&rsquo;une infraction \u00e0 l&rsquo;article 1.21.2. Les pilotes doivent rouler de mani\u00e8re responsable, sans mettre en danger les autres concurrents ou participants et sans obtenir d&rsquo;avantage injuste, que ce soit sur la piste ou dans la voie des stands. Toute infraction \u00e0 cette r\u00e8gle peut \u00eatre sanctionn\u00e9e par les commissaires FIM MotoGP. Pour ces raisons, le panel des commissaires FIM MotoGP a d\u00e9cid\u00e9 d&rsquo;imposer une suspension des dix premi\u00e8res minutes de la s\u00e9ance d&rsquo;Essais Libres 1 du Grand Prix de Saint-Marin 2025, ainsi qu&rsquo;une amende de 2000\u20ac.\u00a0\u00bb<\/p>\n<p>Cette sanction, assez rare, est la m\u00eame que celle re\u00e7ue par Fabio Quartararo lorsqu&rsquo;il s&rsquo;est oppos\u00e9 aux consignes des commissaires de piste apr\u00e8s sa chute au GP de France, en mai dernier.<\/p>\n<p>\u00ab\u00a0Week-end tr\u00e8s, tr\u00e8s difficile\u00a0\u00bb, a de son c\u00f4t\u00e9 r\u00e9agi Franco Morbidelli au micro du site officiel du MotoGP. \u00ab\u00a0Nous avions un bon rythme, mais nous n&rsquo;avons pas pu l&rsquo;utiliser hier [samedi] \u00e0 cause de mon tr\u00e8s mauvais d\u00e9part. Aujourd&rsquo;hui aussi, j&rsquo;ai pris un mauvais d\u00e9part. Apr\u00e8s le long-lap, j&rsquo;ai essay\u00e9 de rattraper un peu les choses, mais \u00e7a n&rsquo;a pas fonctionn\u00e9. J&rsquo;ai perdu l&rsquo;avant au virage 10, je ne m&rsquo;y attendais pas vraiment. Ce n&rsquo;est pas grave, on se rattrapera \u00e0 Misano.\u00a0\u00bb<\/p>\n<p>Lire aussi :<\/p>\n<p>Dans cet article<\/p>\n<p>Soyez le premier inform\u00e9 et souscrivez aux alertes mails pour recevoir les infos en temps r\u00e9el<\/p>\n<p>    S&rsquo;abonner aux alertes de news<\/p>\n","protected":false},"excerpt":{"rendered":"Franco Morbidelli ne participera pas aux dix premi\u00e8res minutes de la premi\u00e8re s\u00e9ance d&rsquo;essais libres du Grand Prix&hellip;\n","protected":false},"author":2,"featured_media":373914,"comment_status":"","ping_status":"","sticky":false,"template":"","format":"standard","meta":{"footnotes":""},"categories":[1413],"tags":[1011,27,7985,48392,48393,50793,1457,1456,1458,60,7276],"class_list":{"0":"post-373913","1":"post","2":"type-post","3":"status-publish","4":"format-standard","5":"has-post-thumbnail","7":"category-moto","8":"tag-fr","9":"tag-france","10":"tag-franco-morbidelli","11":"tag-gp-de-saint-marin","12":"tag-misano-world-circuit-marco-simoncelli","13":"tag-morbidelli-sera-pu00e9nalisu00e9-au-grand-prix-de-saint-marin","14":"tag-moto","15":"tag-motocycle","16":"tag-motogp","17":"tag-sports","18":"tag-team-vr46"},"share_on_mastodon":{"url":"https:\/\/pubeurope.com\/@fr\/115165350128656859","error":""},"_links":{"self":[{"href":"https:\/\/www.europesays.com\/fr\/wp-json\/wp\/v2\/posts\/373913","targetHints":{"allow":["GET"]}}],"collection":[{"href":"https:\/\/www.europesays.com\/fr\/wp-json\/wp\/v2\/posts"}],"about":[{"href":"https:\/\/www.europesays.com\/fr\/wp-json\/wp\/v2\/types\/post"}],"author":[{"embeddable":true,"href":"https:\/\/www.europesays.com\/fr\/wp-json\/wp\/v2\/users\/2"}],"replies":[{"embeddable":true,"href":"https:\/\/www.europesays.com\/fr\/wp-json\/wp\/v2\/comments?post=373913"}],"version-history":[{"count":0,"href":"https:\/\/www.europesays.com\/fr\/wp-json\/wp\/v2\/posts\/373913\/revisions"}],"wp:featuredmedia":[{"embeddable":true,"href":"https:\/\/www.europesays.com\/fr\/wp-json\/wp\/v2\/media\/373914"}],"wp:attachment":[{"href":"https:\/\/www.europesays.com\/fr\/wp-json\/wp\/v2\/media?parent=373913"}],"wp:term":[{"taxonomy":"category","embeddable":true,"href":"https:\/\/www.europesays.com\/fr\/wp-json\/wp\/v2\/categories?post=373913"},{"taxonomy":"post_tag","embeddable":true,"href":"https:\/\/www.europesays.com\/fr\/wp-json\/wp\/v2\/tags?post=373913"}],"curies":[{"name":"wp","href":"https:\/\/api.w.org\/{rel}","templated":true}]}}