{"id":373918,"date":"2025-09-07T22:24:12","date_gmt":"2025-09-07T22:24:12","guid":{"rendered":"https:\/\/www.europesays.com\/fr\/373918\/"},"modified":"2025-09-07T22:24:12","modified_gmt":"2025-09-07T22:24:12","slug":"fc-nantes-mercato-mostafa-mohamed-toujours-sur-le-depart","status":"publish","type":"post","link":"https:\/\/www.europesays.com\/fr\/373918\/","title":{"rendered":"FC Nantes Mercato\u00a0: Mostafa Mohamed\u00a0toujours sur le d\u00e9part\u00a0?"},"content":{"rendered":"<p><strong>Alors que le march\u00e9 des transferts reste encore ouvert dans plusieurs pays, le <a href=\"https:\/\/www.butfootballclub.fr\/617366-fc-nantes-apres-castro-un-titulaire-sest-blesse-en-selection\/\" rel=\"noopener\" target=\"_blank\">FC Nantes<\/a> se retrouve face \u00e0 une situation d\u00e9licate concernant Mostafa Mohamed. L\u2019attaquant \u00e9gyptien pourrait \u00eatre tent\u00e9 par un d\u00e9part.<\/strong><\/p>\n<p>\ud83d\udfe5<strong> Rumeur<\/strong><\/p>\n<p>Joueur phare du <a href=\"https:\/\/www.butfootballclub.fr\/617343-fc-nantes-mercato-blesse-castro-a-tranche-pour-larrivee-dun-joker\/\" rel=\"noopener\" target=\"_blank\">FC Nantes<\/a> en ce d\u00e9but de saison, avec une adresse clinique, Mostafa Mohamed a fait oubleir les tracas caus\u00e9s par l\u2019avenir flou de Matthis Abline. Justement, les bonnes performances de l\u2019attaquant \u00e9gyptien font craindre un retour de flamme des courtisans sur le march\u00e9 des transferts, pas encore ferm\u00e9 dans certains pays.<\/p>\n<p>\u00ab Sans recrue offensive, une vente de Mohamed sur les march\u00e9s encore ouverts la semaine prochaine deviendrait probl\u00e9matique \u00bb, alerte Emmanuel Merceron. Une d\u00e9claration qui illustre la position d\u00e9licate du FC Nantes : conserver son meilleur buteur ou profiter d\u2019une opportunit\u00e9 de transfert tout en risquant de fragiliser son attaque pour les prochaines \u00e9ch\u00e9ances de Ligue 1.<\/p>\n<p>Castro compte sur Mohamed mais\u2026<\/p>\n<p>Malgr\u00e9 les rumeurs et l\u2019incertitude sur les transactions possibles, notamment en Turquie o\u00f9 l\u2019attaquant a d\u00e9j\u00e0 \u00e9t\u00e9 suivi dans le pass\u00e9, Ouest-France souligne que Luis Castro appr\u00e9cie \u00e9norm\u00e9ment Mohamed. L\u2019entra\u00eeneur portugais compte sur lui pour cette saison, convaincu que son profil peut faire la diff\u00e9rence devant le but, m\u00eame si le joueur ne fait pas totalement l\u2019unanimit\u00e9 au sein du vestiaire.<\/p>\n<p>Pour l\u2019heure, le <a href=\"https:\/\/www.butfootballclub.fr\/617473-le-fc-nantes-atomise-le-stade-rennais-la-saison-est-lancee\/\" rel=\"noopener\" target=\"_blank\">FC Nantes<\/a> semble donc privil\u00e9gier la stabilit\u00e9 offensive tout en restant attentif aux offres qui pourraient se pr\u00e9senter. La semaine \u00e0 venir pourrait \u00eatre d\u00e9cisive pour l\u2019avenir de Mohamed, un vrai enjeu de cette fin de mercato secondaire.<\/p>\n","protected":false},"excerpt":{"rendered":"Alors que le march\u00e9 des transferts reste encore ouvert dans plusieurs pays, le FC Nantes se retrouve face&hellip;\n","protected":false},"author":2,"featured_media":373919,"comment_status":"","ping_status":"","sticky":false,"template":"","format":"standard","meta":{"footnotes":""},"categories":[1410],"tags":[11,448,63,1011,27,66,3388,12,60,10662],"class_list":{"0":"post-373918","1":"post","2":"type-post","3":"status-publish","4":"format-standard","5":"has-post-thumbnail","7":"category-football","8":"tag-actualites","9":"tag-champions-league","10":"tag-football","11":"tag-fr","12":"tag-france","13":"tag-ligue-1","14":"tag-matchs","15":"tag-news","16":"tag-sports","17":"tag-transferts"},"share_on_mastodon":{"url":"https:\/\/pubeurope.com\/@fr\/115165361821457706","error":""},"_links":{"self":[{"href":"https:\/\/www.europesays.com\/fr\/wp-json\/wp\/v2\/posts\/373918","targetHints":{"allow":["GET"]}}],"collection":[{"href":"https:\/\/www.europesays.com\/fr\/wp-json\/wp\/v2\/posts"}],"about":[{"href":"https:\/\/www.europesays.com\/fr\/wp-json\/wp\/v2\/types\/post"}],"author":[{"embeddable":true,"href":"https:\/\/www.europesays.com\/fr\/wp-json\/wp\/v2\/users\/2"}],"replies":[{"embeddable":true,"href":"https:\/\/www.europesays.com\/fr\/wp-json\/wp\/v2\/comments?post=373918"}],"version-history":[{"count":0,"href":"https:\/\/www.europesays.com\/fr\/wp-json\/wp\/v2\/posts\/373918\/revisions"}],"wp:featuredmedia":[{"embeddable":true,"href":"https:\/\/www.europesays.com\/fr\/wp-json\/wp\/v2\/media\/373919"}],"wp:attachment":[{"href":"https:\/\/www.europesays.com\/fr\/wp-json\/wp\/v2\/media?parent=373918"}],"wp:term":[{"taxonomy":"category","embeddable":true,"href":"https:\/\/www.europesays.com\/fr\/wp-json\/wp\/v2\/categories?post=373918"},{"taxonomy":"post_tag","embeddable":true,"href":"https:\/\/www.europesays.com\/fr\/wp-json\/wp\/v2\/tags?post=373918"}],"curies":[{"name":"wp","href":"https:\/\/api.w.org\/{rel}","templated":true}]}}