{"id":373920,"date":"2025-09-07T22:25:11","date_gmt":"2025-09-07T22:25:11","guid":{"rendered":"https:\/\/www.europesays.com\/fr\/373920\/"},"modified":"2025-09-07T22:25:11","modified_gmt":"2025-09-07T22:25:11","slug":"cicatrice-dans-le-cou-tatouage-efface-essoufflement-ces-details-reperes-sur-hanouna-affolent-les-fanzouzes","status":"publish","type":"post","link":"https:\/\/www.europesays.com\/fr\/373920\/","title":{"rendered":"Cicatrice dans le cou, tatouage effac\u00e9, essoufflement\u2026 Ces d\u00e9tails rep\u00e9r\u00e9s sur Hanouna affolent les fanzouzes"},"content":{"rendered":"<p class=\"app_entry_lead\">\n<p>                    <a title=\"\u00a0\u00a9\u00a0Capture X\" href=\"https:\/\/www.europesays.com\/fr\/wp-content\/uploads\/2025\/09\/79831112.jpg\" class=\"fancy\"><\/p>\n<p>                            <img loading=\"lazy\" decoding=\"async\" src=\"https:\/\/www.europesays.com\/fr\/wp-content\/uploads\/2025\/09\/79831112.jpg\" alt=\"Cicatrice dans le cou, tatouage effac\u00e9, essoufflement\u2026 Ces d\u00e9tails rep\u00e9r\u00e9s sur Hanouna affolent les fanzouzes\" width=\"1500\" height=\"1000\"\/><\/p>\n<p>                    <\/a><\/p>\n<p>                Cyril Hanouna a fait un retour tr\u00e8s remarqu\u00e9 sur W9\u00a0cette semaine. Et aucun d\u00e9tail n&rsquo;a \u00e9chapp\u00e9 aux t\u00e9l\u00e9spectateurs qui ont diss\u00e9qu\u00e9 les moindres gestes de l&rsquo;animateur.<\/p>\n<p>Apr\u00e8s plusieurs mois d&rsquo;absence, Cyril Hanouna a effectu\u00e9 cette semaine un <a href=\"https:\/\/www.linternaute.com\/television\/programme\/8701998-...\/\" rel=\"nofollow noopener\" target=\"_blank\">retour fracassant sur W9<\/a>. Pour le lancement de son nouveau talk-show quotidien, baptis\u00e9 Tout beau tout 9uf (TBT9), l&rsquo;animateur-producteur a mis les petits plats dans les grands. D\u00e9barquant tel une rock star suspendue dans les airs au-dessus du plateau lundi soir, Baba a retrouv\u00e9\u00a0 son public et ses chroniqueurs pour une \u00e9mission tr\u00e8s proche de TPMP\u00a0dans l&rsquo;esprit, la structure et surtout le ton, toujours aussi tourn\u00e9 vers le clash.<\/p>\n<p>Mais au-del\u00e0 du show en lui-m\u00eame, ce sont les d\u00e9tails physiques de l&rsquo;animateur qui ont retenu l&rsquo;attention\u00a0sur les r\u00e9seaux sociaux, les uns et les autres d\u00e9cortiquant chaque image de Cyril Hanouna pour\u00a0y d\u00e9celer ses\u00a0faux-pas du c\u00f4t\u00e9 de ses ennemis, comme pour glaner une indiscr\u00e9tion ou deux du c\u00f4t\u00e9 des\u00a0que ses \u00ab\u00a0fanzouzes\u00a0\u00bb. Des fans souvent inquiets d&rsquo;ailleurs.<\/p>\n<p>Parmi les \u00e9l\u00e9ments les plus comment\u00e9s\u00a0: une fatigue apparente et un essoufflement rapide de l&rsquo;animateur ont \u00e9t\u00e9 remarqu\u00e9s d\u00e8s son arriv\u00e9e sur le plateau lundi, vers 18h30. \u00ab\u00a0Pourquoi il a l&rsquo;air essouffl\u00e9 Hanouna\u00a0?\u00a0\u00bb, s&rsquo;est d&#8217;embl\u00e9e interrog\u00e9\u00a0un internaute sur X. \u00ab\u00a0J&rsquo;ai trouv\u00e9 Hanouna fatigu\u00e9 et pas a l&rsquo;aise.\u00a0Certainement la pression de sa 1ere et le stress du montage de son \u00e9mission\u00a0\u00bb, a abond\u00e9 un autre. Des r\u00e9actions qui font \u00e9cho aux r\u00e9cents p\u00e9pins de sant\u00e9 de l&rsquo;animateur.<\/p>\n<p>Car un autre d\u00e9tail a saut\u00e9 aux yeux des t\u00e9l\u00e9spectateurs\u00a0: une cicatrice bien visible dans le cou de Cyril Hanouna. \u00ab\u00a0Il a quoi #Hannouna \u00e0 son cou il s&rsquo;est fait op\u00e9rer, probl\u00e8me de tyro\u00efdes, o\u00f9 on a essay\u00e9 de l&rsquo;\u00e9gorger\u00a0\u00bb, s&rsquo;est exclam\u00e9e une fan se faisant appeler Cath Jenworth sur le r\u00e9seau social r\u00e9sumant de nombreux autres commentaires du m\u00eame genre glan\u00e9s sur la plateforme.<\/p>\n<p><img decoding=\"async\" alt=\"\" src=\"https:\/\/www.europesays.com\/fr\/wp-content\/uploads\/2025\/09\/79830773.jpg\"\/><\/p>\n<p>Ces interrogations ont cette fois rapidement trouv\u00e9 r\u00e9ponse. En avril dernier, Cyril Hanouna avait en effet r\u00e9v\u00e9l\u00e9 avoir subi une op\u00e9ration \u00ab\u00a0\u00e0 gorge ouverte\u00a0\u00bb, douloureuse car sans anesth\u00e9sie, pour retirer un kyste qu&rsquo;il tra\u00eenait \u00ab\u00a0depuis 10\u00a0ans\u00a0\u00bb. Une intervention chirurgicale lourde dont il porte d\u00e9sormais la trace. Sur Europe\u00a01 o\u00f9 il officiait encore au printemps, on l&rsquo;a vu plusieurs jours avec un\u00a0pansement qu&rsquo;il arborait encore r\u00e9cemment.<\/p>\n<p>Mais les fanzouzes ont remarqu\u00e9 une autre modification corporelle chez \u00ab\u00a0Baba\u00a0\u00bb\u00a0: un tatouage \u00ab\u00a0K\u00a0\u00bb sur l&rsquo;avant-bras, proche de son poignet droit, juste \u00e0 c\u00f4t\u00e9 d&rsquo;une de ses montres de luxe, semble avoir \u00e9t\u00e9 modifi\u00e9, voire effac\u00e9. \u00ab\u00a0Donc c&rsquo;est bien fini avec Kelly Vedovelli\u00a0!!?\u00a0@Cyrilhanouna\u00a0\u00a0a effac\u00e9 son \u00ab\u00a0K\u00a0\u00bb le tatouage qu&rsquo;il avait sur son poignet droit\u00a0\u00bb,\u00a0a not\u00e9 une internaute quand un autre plus caustique s&rsquo;est moqu\u00e9 de cette romance longtemps fantasm\u00e9e par les fans entre la star et sa chroniqueuse et visiblement termin\u00e9e\u00a0: \u00ab\u00a0Hahaha Hanouna qui a effac\u00e9 le K de Kelly en tatouage\u00a0\u00bb.<\/p>\n<p>Cyril Hanouna a a bien \u00e9voqu\u00e9 ses tatouages \u00e0 l&rsquo;antenne mercredi, mais pour dire tout autre chose. En d\u00e9but d&rsquo;\u00e9mission, persuad\u00e9 (peut-\u00eatre \u00e0 raison) que sa personne int\u00e9resse des millions de Fran\u00e7ais, il\u00a0en a d\u00e9voil\u00e9 deux nouveaux sur son anatomie\u00a0: un premier de l&rsquo;\u00e9paule \u00e0 la nuque affichant en latin \u00ab\u00a0Si vis pacem para bellum, qui veut la paix pr\u00e9pare la guerre\u00a0\u00bb, puis un autre gravant la \u00ab\u00a0date de naissance de la calvitie de mon meilleur pote\u00a0\u00bb, s&rsquo;est il amus\u00e9. Le carr\u00e9 sur son poignet, lui, ne sera pas \u00e9voqu\u00e9.<\/p>\n","protected":false},"excerpt":{"rendered":"Cyril Hanouna a fait un retour tr\u00e8s remarqu\u00e9 sur W9\u00a0cette semaine. Et aucun d\u00e9tail n&rsquo;a \u00e9chapp\u00e9 aux t\u00e9l\u00e9spectateurs&hellip;\n","protected":false},"author":2,"featured_media":373921,"comment_status":"","ping_status":"","sticky":false,"template":"","format":"standard","meta":{"footnotes":""},"categories":[1359],"tags":[58,59,1011,27,973],"class_list":{"0":"post-373920","1":"post","2":"type-post","3":"status-publish","4":"format-standard","5":"has-post-thumbnail","7":"category-people","8":"tag-divertissement","9":"tag-entertainment","10":"tag-fr","11":"tag-france","12":"tag-people"},"share_on_mastodon":{"url":"https:\/\/pubeurope.com\/@fr\/115165365866452121","error":""},"_links":{"self":[{"href":"https:\/\/www.europesays.com\/fr\/wp-json\/wp\/v2\/posts\/373920","targetHints":{"allow":["GET"]}}],"collection":[{"href":"https:\/\/www.europesays.com\/fr\/wp-json\/wp\/v2\/posts"}],"about":[{"href":"https:\/\/www.europesays.com\/fr\/wp-json\/wp\/v2\/types\/post"}],"author":[{"embeddable":true,"href":"https:\/\/www.europesays.com\/fr\/wp-json\/wp\/v2\/users\/2"}],"replies":[{"embeddable":true,"href":"https:\/\/www.europesays.com\/fr\/wp-json\/wp\/v2\/comments?post=373920"}],"version-history":[{"count":0,"href":"https:\/\/www.europesays.com\/fr\/wp-json\/wp\/v2\/posts\/373920\/revisions"}],"wp:featuredmedia":[{"embeddable":true,"href":"https:\/\/www.europesays.com\/fr\/wp-json\/wp\/v2\/media\/373921"}],"wp:attachment":[{"href":"https:\/\/www.europesays.com\/fr\/wp-json\/wp\/v2\/media?parent=373920"}],"wp:term":[{"taxonomy":"category","embeddable":true,"href":"https:\/\/www.europesays.com\/fr\/wp-json\/wp\/v2\/categories?post=373920"},{"taxonomy":"post_tag","embeddable":true,"href":"https:\/\/www.europesays.com\/fr\/wp-json\/wp\/v2\/tags?post=373920"}],"curies":[{"name":"wp","href":"https:\/\/api.w.org\/{rel}","templated":true}]}}