{"id":373922,"date":"2025-09-07T22:26:12","date_gmt":"2025-09-07T22:26:12","guid":{"rendered":"https:\/\/www.europesays.com\/fr\/373922\/"},"modified":"2025-09-07T22:26:12","modified_gmt":"2025-09-07T22:26:12","slug":"en-bretagne-cette-graphiste-realise-des-flocages-sur-mesure","status":"publish","type":"post","link":"https:\/\/www.europesays.com\/fr\/373922\/","title":{"rendered":"en Bretagne, cette graphiste r\u00e9alise des flocages sur mesure"},"content":{"rendered":"<p>            Par<br \/>\n        <strong><br \/>\n            <a href=\"https:\/\/actu.fr\/auteur\/journaliste-lpa\" title=\"Consulter tous les articles de R\u00e9daction Paimpol\" target=\"_blank\" rel=\"noopener\">R\u00e9daction Paimpol<\/a><br \/>\n        <\/strong><\/p>\n<p>        Publi\u00e9 le<\/p>\n<p>            7 sept. 2025 \u00e0 11h15<br \/>\n        ; mis \u00e0 jour le 7 sept. 2025 \u00e0 11h30    <\/p>\n<p>Anne Laure Devalan, graphiste professionnelle, exerce son talent \u00e0<b> Saint-Quay-Portrieux<\/b> (C\u00f4tes-d\u2019Armor) depuis 2018.<\/p>\n<p class=\" wall-content\"><a href=\"https:\/\/actu.fr\/bretagne\/binic-etables-sur-mer_22055\/creation-daffiches-en-bretagne-cest-ma-plage-et-la-votre_55391562.html\" target=\"_blank\" rel=\"noopener\">Sous le pavillon \u00ab\u2009C\u2019est ma plage\u2009\u00bb<\/a>, elle est connue pour ses<b> cartes postales<\/b>, ses <b>affiches<\/b> aux th\u00e8mes bretons, principalement quinoc\u00e9ens et du sud Go\u00eblo. Il est d\u2019ailleurs possible de voir certaines de ses r\u00e9alisations \u00e0 l\u2019office du tourisme.<\/p>\n<p class=\" wall-content\">Pr\u00e9sente sur les march\u00e9s du lundi et du vendredi cet \u00e9t\u00e9, elle a pu pr\u00e9senter <b>sa nouvelle activit\u00e9<\/b>, le<b> flocage sur tissus <\/b>\u00e0 la demande.<\/p>\n<p class=\" wall-content\">La fin de l\u2019\u00e9t\u00e9 ne signifie pas la fin de l\u2019activit\u00e9, tout au contraire, via les r\u00e9seaux sociaux, l\u2019artiste communique sous la marque \u00ab\u2009cestmaplage\u2009\u00bb et r\u00e9pond aux demandes de la client\u00e8le.<\/p>\n<p class=\" wall-content\"><a href=\"https:\/\/www.instagram.com\/p\/DMMlxAHiXLn\/embed\" title=\"Ouvrir le lien sur Instagram\" target=\"_blank\" rel=\"noopener\">Visualiser le contenu sur Instagram<\/a><\/p>\n<p>Sur mesure<\/p>\n<p class=\" wall-content\"><b>Tee-shirt<\/b>,<b> sweat<\/b>, <b>tote bag <\/b>sont ses principaux supports de cette nouvelle offre, mais cette panoplie est non exhaustive.<\/p>\n<p class=\" wall-content\">Les clients peuvent choisir le flocage qui leur sied, toujours simple et minimaliste, mais peuvent aussi demander <b>une r\u00e9alisation sur mesure<\/b>, tel que des pr\u00e9noms, la cr\u00e9atrice la r\u00e9alise et l\u2019exp\u00e9die \u00e0 travers toutes la France, voire l\u2019Europe.<\/p>\n<p>Vid\u00e9os : en ce moment sur Actu<\/p>\n<p class=\" wall-content\">On peut la retrouver sur Instagram et sur son site internet\u2009: <a href=\"https:\/\/www.cestmaplage.com\/\" target=\"_blank\" rel=\"noopener\">www.cestmaplage.com<\/a><\/p>\n<p>    <img   decoding=\"async\" loading=\"lazy\" class=\"size-large\" src=\"https:\/\/www.europesays.com\/fr\/wp-content\/uploads\/2025\/09\/c3e120a513b86d7e120a513b8cbe12v-768x640.jpg\" alt=\"Tote bag\" width=\"768\" height=\"640\"\/><br \/>\n    Un tote bag avec le phare de Saint-Quay-Portrieux (C\u00f4tes-d\u2019Armor). \u00a9Eric de Linar\u00e8s \/ La Presse d\u2019Armor<\/p>\n<p class=\" wall-content\">Personnalisez votre actualit\u00e9 en ajoutant vos villes et m\u00e9dias en favori avec <a href=\"https:\/\/moncompte.actu.fr\" title=\"D\u00e9couvez Mon Actu\" rel=\"nofollow noopener\" data-trk=\"{&quot;cta&quot;:{&quot;action&quot;:&quot;https:\\\/\\\/moncompte.actu.fr&quot;,&quot;category&quot;:&quot;mon compte&quot;,&quot;from&quot;:&quot;article footer&quot;,&quot;name&quot;:&quot;Mon actu&quot;,&quot;type&quot;:&quot;cta&quot;}}\" target=\"_blank\">Mon Actu<\/a>.<\/p>\n<p>                    <script async src=\"\/\/www.instagram.com\/embed.js\"><\/script><\/p>\n","protected":false},"excerpt":{"rendered":"Par R\u00e9daction Paimpol Publi\u00e9 le 7 sept. 2025 \u00e0 11h15 ; mis \u00e0 jour le 7 sept. 2025&hellip;\n","protected":false},"author":2,"featured_media":373923,"comment_status":"","ping_status":"","sticky":false,"template":"","format":"standard","meta":{"footnotes":""},"categories":[1358],"tags":[1348,1384,1385,215,1386,58,33,59,1011,27,6127,8302],"class_list":{"0":"post-373922","1":"post","2":"type-post","3":"status-publish","4":"format-standard","5":"has-post-thumbnail","7":"category-arts-et-design","8":"tag-arts","9":"tag-arts-and-design","10":"tag-arts-et-design","11":"tag-commerce","12":"tag-design","13":"tag-divertissement","14":"tag-economie","15":"tag-entertainment","16":"tag-fr","17":"tag-france","18":"tag-mer","19":"tag-plages"},"share_on_mastodon":{"url":"https:\/\/pubeurope.com\/@fr\/115165369738736015","error":""},"_links":{"self":[{"href":"https:\/\/www.europesays.com\/fr\/wp-json\/wp\/v2\/posts\/373922","targetHints":{"allow":["GET"]}}],"collection":[{"href":"https:\/\/www.europesays.com\/fr\/wp-json\/wp\/v2\/posts"}],"about":[{"href":"https:\/\/www.europesays.com\/fr\/wp-json\/wp\/v2\/types\/post"}],"author":[{"embeddable":true,"href":"https:\/\/www.europesays.com\/fr\/wp-json\/wp\/v2\/users\/2"}],"replies":[{"embeddable":true,"href":"https:\/\/www.europesays.com\/fr\/wp-json\/wp\/v2\/comments?post=373922"}],"version-history":[{"count":0,"href":"https:\/\/www.europesays.com\/fr\/wp-json\/wp\/v2\/posts\/373922\/revisions"}],"wp:featuredmedia":[{"embeddable":true,"href":"https:\/\/www.europesays.com\/fr\/wp-json\/wp\/v2\/media\/373923"}],"wp:attachment":[{"href":"https:\/\/www.europesays.com\/fr\/wp-json\/wp\/v2\/media?parent=373922"}],"wp:term":[{"taxonomy":"category","embeddable":true,"href":"https:\/\/www.europesays.com\/fr\/wp-json\/wp\/v2\/categories?post=373922"},{"taxonomy":"post_tag","embeddable":true,"href":"https:\/\/www.europesays.com\/fr\/wp-json\/wp\/v2\/tags?post=373922"}],"curies":[{"name":"wp","href":"https:\/\/api.w.org\/{rel}","templated":true}]}}