{"id":373928,"date":"2025-09-07T22:29:30","date_gmt":"2025-09-07T22:29:30","guid":{"rendered":"https:\/\/www.europesays.com\/fr\/373928\/"},"modified":"2025-09-07T22:29:30","modified_gmt":"2025-09-07T22:29:30","slug":"joyce-jonathan-officialise-la-fin-de-son-couple-avec-martial-paoli","status":"publish","type":"post","link":"https:\/\/www.europesays.com\/fr\/373928\/","title":{"rendered":"Joyce Jonathan officialise la fin de son couple avec Martial Paoli"},"content":{"rendered":"<p class=\"articleContent-meta\">\n        Samedi 06 septembre 2025 \u00e0 17:00 &#8211; par             <a class=\"articleContent-metaAuthorsLink\" href=\"https:\/\/www.cesoirtv.com\/auteur\/thomas-fourcroy\/\" target=\"_blank\" rel=\"noopener\">Thomas Fourcroy<\/a><\/p>\n<p>                    Tweeter<\/p>\n<p>                    Partager sur Facebook<\/p>\n<p>                        <img decoding=\"async\" src=\"https:\/\/www.europesays.com\/fr\/wp-content\/uploads\/2025\/09\/joyce-jonathan-annonce-sa-rupture-avec-son-compagnon-martial.jpg\" alt=\"Player Video\" class=\"player-applyRatio poster exclude-seedtag\"\/><\/p>\n<p>Le samedi 6 septembre \u00e0 21h10, France 2 diffuse La Grande F\u00eate de Carcassonne. Une soir\u00e9e sp\u00e9ciale dans laquelle on retrouvera notamment Joyce Jonathan, chanteuse ayant r\u00e9cemment officialis\u00e9 la rupture avec son compagnon. <\/p>\n<p>Au m\u00eame titre que les ar\u00e8nes de N\u00eemes, les fortifications de Carcassonne offrent un d\u00e9cor assez fou aux musiciens de tous les horizons. Habitu\u00e9e \u00e0 recevoir de nombreuses stars, la cit\u00e9 m\u00e9di\u00e9vale accueillera dans sa Grande f\u00eate une foule d&rsquo;artistes de choix ce samedi, pour une soir\u00e9e sp\u00e9ciale retransmise sur France 2. P\u00eale-m\u00eale, on croisera ainsi <a href=\"https:\/\/www.cesoirtv.com\/news\/actu\/3028-amel-bent-en-couple-qui-est-son-compagnon-patrick-antonelli\/\" target=\"_blank\" rel=\"noopener\">Amel Bent<\/a>, Pascal Obispo, Julien Clerc, Zaz, <a href=\"https:\/\/www.cesoirtv.com\/news\/actu\/2756-lara-fabian-son-histoire-d-amour-trop-courte-avec-patrick-fiori-avant-de-rencontrer-son-mari-gabriel-di-giorgio\/\" target=\"_blank\" rel=\"noopener\">Patrick Fiori<\/a>, Tina Arena, <a href=\"https:\/\/www.cesoirtv.com\/news\/actu\/2886-ycare-en-couple-qui-est-renna-hawili-la-femme-du-chanteur-revele-dans-nouvelle-star\/\" target=\"_blank\" rel=\"noopener\">Ycare<\/a>, <a href=\"https:\/\/www.cesoirtv.com\/news\/actu\/3017-dany-brillant-pourquoi-il-a-un-temps-quitte-sa-compagne-nathalie-moury-et-leurs-enfants\/\" target=\"_blank\" rel=\"noopener\">Dany Brillant<\/a>, Chico et les Gypsies, Chantal Goya, <a href=\"https:\/\/www.cesoirtv.com\/news\/series\/3960-capitaine-marleau-le-baiser-de-cinema-pas-simple-echange-par-benabar-et-nolwen-leroy-invites-du-jour\/\" target=\"_blank\" rel=\"noopener\">B\u00e9nabar<\/a>, Nicoletta, Boulevard des Airs, Collectif M\u00e9tiss\u00e9, H\u00e9ritage Goldman, Jeck et Carla ou encore Charles et Joyce Jonathan. Une derni\u00e8re cit\u00e9e qui aura r\u00e9cemment annonc\u00e9 sa s\u00e9paration avec le p\u00e8re de sa fille, Martial Paoli.<\/p>\n<p>Joyce Jonathan et Martial Paoli, un coup de foudre au festival de Cannes<\/p>\n<p>Entre Joyce Jonathan et Martial Paoli, tout s&rsquo;est jou\u00e9 au printemps 2019. Invit\u00e9e au festival de Cannes, la chanteuse et actrice aura mont\u00e9 les marches, mais \u00e9galement crois\u00e9 la route de son futur compagnon lors d&rsquo;une soir\u00e9e. Si un karaok\u00e9 \u00e9tait \u00e0 l&rsquo;oeuvre, c&rsquo;est bien derri\u00e8re le clavier qu&rsquo;\u00e9tait plac\u00e9 Martial, musicien de son \u00e9tat. Au micro du podcast Bliss Stories en 2021, la chanteuse \u00e9tait revenue sur son coup de foudre : \u00ab\u00a0Je le kiffe assez instantan\u00e9ment et finalement, au bout de trois minutes, je lui dis : &lsquo;Je suis amoureuse de toi.'\u00a0\u00bb Les deux artistes ont par la suite v\u00e9cu une relation loin des projecteurs. Une histoire d&rsquo;amour marqu\u00e9e par le 2 novembre 2020, par la venue au monde de leur fille Ghjulia.<\/p>\n<p>                                Quand Laurent Ruquier l\u00e2che une petite indiscr\u00e9tion<\/p>\n<p>Aujourd&rsquo;hui, l&rsquo;histoire a cependant pris fin. C&rsquo;est au micro de l&rsquo;\u00e9mission Les Grosses T\u00eates sur RTL, que Joyce Jonathan a officialis\u00e9 cette rupture, le 1er septembre dernier. Tout a commenc\u00e9 lorsqu&rsquo;en ce jour de rentr\u00e9e, <a href=\"https:\/\/www.cesoirtv.com\/news\/actu\/1649-laurent-ruquier-et-chantal-ladesou-reunis-dans-mask-singer-sur-tf1-on-trouvait-amusant-d-etre-ensemble\/\" target=\"_blank\" rel=\"noopener\">Laurent Ruquier<\/a> a fait le point sur ses vacances et celle de la chanteuse. S&rsquo;il a \u00e9voqu\u00e9 la fin de <a href=\"https:\/\/www.cesoirtv.com\/news\/actu\/1155-laurent-ruquier-en-couple-avec-hugo-manos-pourquoi-il-sest-montre-mefiant-au-debut-de-leur-relation\/\" target=\"_blank\" rel=\"noopener\">sa relation avec Hugo Manos<\/a>, l&rsquo;animateur s&rsquo;est aussi charg\u00e9 de l\u00e2cher une petite indiscr\u00e9tion au sujet de sa comparse : \u00ab\u00a0Avec Joyce, on a fait L\u2019Orient Express avec nos conjoints respectifs. Depuis, on ne les a plus ni l\u2019un ni l\u2019autre.\u00a0\u00bb Une sortie confirm\u00e9e par la principale int\u00e9ress\u00e9e apr\u00e8s un \u00e9clat de rires : \u00ab\u00a0C\u2019est tout \u00e0 fait vrai.\u00a0\u00bb<\/p>\n","protected":false},"excerpt":{"rendered":"Samedi 06 septembre 2025 \u00e0 17:00 &#8211; par Thomas Fourcroy Tweeter Partager sur Facebook Le samedi 6 septembre&hellip;\n","protected":false},"author":2,"featured_media":373929,"comment_status":"","ping_status":"","sticky":false,"template":"","format":"standard","meta":{"footnotes":""},"categories":[1355],"tags":[6924,58,59,1011,27,594,1361,873],"class_list":{"0":"post-373928","1":"post","2":"type-post","3":"status-publish","4":"format-standard","5":"has-post-thumbnail","7":"category-musique","8":"tag-couples-de-stars","9":"tag-divertissement","10":"tag-entertainment","11":"tag-fr","12":"tag-france","13":"tag-france-2","14":"tag-music","15":"tag-musique"},"share_on_mastodon":{"url":"https:\/\/pubeurope.com\/@fr\/115165381539255530","error":""},"_links":{"self":[{"href":"https:\/\/www.europesays.com\/fr\/wp-json\/wp\/v2\/posts\/373928","targetHints":{"allow":["GET"]}}],"collection":[{"href":"https:\/\/www.europesays.com\/fr\/wp-json\/wp\/v2\/posts"}],"about":[{"href":"https:\/\/www.europesays.com\/fr\/wp-json\/wp\/v2\/types\/post"}],"author":[{"embeddable":true,"href":"https:\/\/www.europesays.com\/fr\/wp-json\/wp\/v2\/users\/2"}],"replies":[{"embeddable":true,"href":"https:\/\/www.europesays.com\/fr\/wp-json\/wp\/v2\/comments?post=373928"}],"version-history":[{"count":0,"href":"https:\/\/www.europesays.com\/fr\/wp-json\/wp\/v2\/posts\/373928\/revisions"}],"wp:featuredmedia":[{"embeddable":true,"href":"https:\/\/www.europesays.com\/fr\/wp-json\/wp\/v2\/media\/373929"}],"wp:attachment":[{"href":"https:\/\/www.europesays.com\/fr\/wp-json\/wp\/v2\/media?parent=373928"}],"wp:term":[{"taxonomy":"category","embeddable":true,"href":"https:\/\/www.europesays.com\/fr\/wp-json\/wp\/v2\/categories?post=373928"},{"taxonomy":"post_tag","embeddable":true,"href":"https:\/\/www.europesays.com\/fr\/wp-json\/wp\/v2\/tags?post=373928"}],"curies":[{"name":"wp","href":"https:\/\/api.w.org\/{rel}","templated":true}]}}