{"id":37393,"date":"2025-04-19T21:44:07","date_gmt":"2025-04-19T21:44:07","guid":{"rendered":"https:\/\/www.europesays.com\/fr\/37393\/"},"modified":"2025-04-19T21:44:07","modified_gmt":"2025-04-19T21:44:07","slug":"un-homme-blesse-par-balles-pres-de-la-gare-de-lest-la-police-boucle-le-faubourg-saint-martin","status":"publish","type":"post","link":"https:\/\/www.europesays.com\/fr\/37393\/","title":{"rendered":"un homme bless\u00e9 par balles pr\u00e8s de la gare de l&rsquo;Est, la police boucle le faubourg Saint-Martin"},"content":{"rendered":"<p>            Par<br \/>\n        <strong><br \/>\n            <a href=\"https:\/\/actu.fr\/auteur\/thomas-martin\" title=\"Consulter tous les articles de Thomas Martin\" rel=\"nofollow noopener\" target=\"_blank\">Thomas Martin<\/a><br \/>\n        <\/strong><\/p>\n<p>        Publi\u00e9 le<\/p>\n<p>            19 avr. 2025 \u00e0 20h06        <\/p>\n<p>Un homme a \u00e9t\u00e9 bless\u00e9 par balles, ce samedi 19 avril 2025, dans le 10e arrondissement de Paris dans un parking pr\u00e8s de la <a href=\"https:\/\/actu.fr\/tag\/gare-de-l-est\" rel=\"nofollow noopener\" target=\"_blank\">gare de l\u2019Est<\/a>, indique le parquet de Paris. Le 2\u00e8me DPJ a \u00e9t\u00e9 saisi d\u2019une enqu\u00eate ouverte des chefs de <a href=\"https:\/\/actu.fr\/ile-de-france\/paris_75056\/les-meurtres-et-les-tentatives-de-meurtres-en-forte-hausse-a-paris-ces-inquietants-chiffres-dans-la-capitale_62199408.html\" rel=\"nofollow noopener\" target=\"_blank\">tentative d\u2019homicide volontaire<\/a> en bande organis\u00e9e, vol en bande organis\u00e9e avec usage d\u2019une arme et violences aggrav\u00e9es.\u00a0<\/p>\n<p>Le ou les tireurs sont en fuite<\/p>\n<p class=\" wall-content\">Aux alentours de 18h, la mairie du 10\u00e8me arrondissement annon\u00e7ait sur X que suite \u00e0 une intervention de police, la circulation \u00e9tait ferm\u00e9e aux v\u00e9hicules et aux pi\u00e9tons sur le faubourg Saint Martin, entre le boulevard de Magenta et la mairie.<\/p>\n<p class=\" wall-content\">\n<p class=\" wall-content\">Selon <a href=\"https:\/\/www.leparisien.fr\/paris-75\/je-me-suis-fait-tirer-dessus-un-homme-blesse-par-balle-dans-le-xe-arrondissement-de-paris-19-04-2025-I2G3YJUQJFEINNFYPRRVLBTD6U.php\" rel=\"nofollow noopener\" target=\"_blank\">Le Parisien<\/a>, citant une source polici\u00e8re, l\u2019affaire serait li\u00e9e \u00e0 un diff\u00e9rend lors de la vente d\u2019une montre en fin d\u2019apr\u00e8s-midi. Le ou les tireurs seraient en fuite et activement recherch\u00e9s par la police.\u00a0<\/p>\n<p class=\" wall-content\">Quant \u00e0 la victime, le parquet indique qu\u2019elle pr\u00e9sentait des plaies superficielles et a \u00e9t\u00e9 transport\u00e9e \u00e0 l\u2019h\u00f4pital.\u00a0<\/p>\n<p class=\" wall-content\">Suivez toute l\u2019actualit\u00e9 de vos villes et m\u00e9dias favoris en vous inscrivant \u00e0 <a href=\"https:\/\/moncompte.actu.fr\" title=\"D\u00e9couvez Mon Actu\" rel=\"nofollow noopener\" data-trk=\"{&quot;cta&quot;:{&quot;action&quot;:&quot;https:\\\/\\\/moncompte.actu.fr&quot;,&quot;category&quot;:&quot;mon compte&quot;,&quot;from&quot;:&quot;article footer&quot;,&quot;name&quot;:&quot;Mon actu&quot;,&quot;type&quot;:&quot;cta&quot;}}\" target=\"_blank\">Mon Actu<\/a>.<\/p>\n","protected":false},"excerpt":{"rendered":"Par Thomas Martin Publi\u00e9 le 19 avr. 2025 \u00e0 20h06 Un homme a \u00e9t\u00e9 bless\u00e9 par balles, ce&hellip;\n","protected":false},"author":2,"featured_media":37394,"comment_status":"","ping_status":"","sticky":false,"template":"","format":"standard","meta":{"footnotes":""},"categories":[1888],"tags":[1111,1928,11,1927,1777,674,118,1011,27,10412,12,1926,626,1925,1072,25],"class_list":{"0":"post-37393","1":"post","2":"type-post","3":"status-publish","4":"format-standard","5":"has-post-thumbnail","7":"category-paris","8":"tag-actu","9":"tag-actu-paris","10":"tag-actualites","11":"tag-actualites-paris","12":"tag-eu","13":"tag-europe","14":"tag-faits-divers","15":"tag-fr","16":"tag-france","17":"tag-gare-de-lest","18":"tag-news","19":"tag-news-paris","20":"tag-paris","21":"tag-paris-news","22":"tag-police","23":"tag-republique-francaise"},"share_on_mastodon":{"url":"https:\/\/pubeurope.com\/@fr\/114366818776150603","error":""},"_links":{"self":[{"href":"https:\/\/www.europesays.com\/fr\/wp-json\/wp\/v2\/posts\/37393","targetHints":{"allow":["GET"]}}],"collection":[{"href":"https:\/\/www.europesays.com\/fr\/wp-json\/wp\/v2\/posts"}],"about":[{"href":"https:\/\/www.europesays.com\/fr\/wp-json\/wp\/v2\/types\/post"}],"author":[{"embeddable":true,"href":"https:\/\/www.europesays.com\/fr\/wp-json\/wp\/v2\/users\/2"}],"replies":[{"embeddable":true,"href":"https:\/\/www.europesays.com\/fr\/wp-json\/wp\/v2\/comments?post=37393"}],"version-history":[{"count":0,"href":"https:\/\/www.europesays.com\/fr\/wp-json\/wp\/v2\/posts\/37393\/revisions"}],"wp:featuredmedia":[{"embeddable":true,"href":"https:\/\/www.europesays.com\/fr\/wp-json\/wp\/v2\/media\/37394"}],"wp:attachment":[{"href":"https:\/\/www.europesays.com\/fr\/wp-json\/wp\/v2\/media?parent=37393"}],"wp:term":[{"taxonomy":"category","embeddable":true,"href":"https:\/\/www.europesays.com\/fr\/wp-json\/wp\/v2\/categories?post=37393"},{"taxonomy":"post_tag","embeddable":true,"href":"https:\/\/www.europesays.com\/fr\/wp-json\/wp\/v2\/tags?post=37393"}],"curies":[{"name":"wp","href":"https:\/\/api.w.org\/{rel}","templated":true}]}}