{"id":373932,"date":"2025-09-07T22:33:10","date_gmt":"2025-09-07T22:33:10","guid":{"rendered":"https:\/\/www.europesays.com\/fr\/373932\/"},"modified":"2025-09-07T22:33:10","modified_gmt":"2025-09-07T22:33:10","slug":"video-clermont-stade-toulousain-je-prefere-me-prendre-un-bus-quand-la-charge-monstrueuse-danthony-jelonch-fait-beaucoup-reagir","status":"publish","type":"post","link":"https:\/\/www.europesays.com\/fr\/373932\/","title":{"rendered":"VID\u00c9O. Clermont-Stade Toulousain\u00a0: \u00ab\u00a0Je pr\u00e9f\u00e8re me prendre un bus\u00a0!\u00a0\u00bb Quand la charge monstrueuse d\u2019Anthony Jelonch fait beaucoup r\u00e9agir"},"content":{"rendered":"<p>\n                                                                    l&rsquo;essentiel<br \/>\n                                                                Le Stade Toulousain ouvre sa saison face \u00e0 l\u2019ASM Clermont ce dimanche 7\u00a0septembre. Le premier essai, inscrit par Graou, a \u00e9t\u00e9 permis par une charge impressionnante de Jelonch qui a beaucoup fait r\u00e9agir.\n                            <\/p>\n<p>Le premier essai de la saison du Stade Toulousain a \u00e9t\u00e9 inscrit par Paul Graou, la doublure d\u2019Antoine Dupont qui se remet toujours de sa blessure au genou. Cette r\u00e9alisation, qui a permis aux \u00ab\u00a0Rouge et Noir\u00a0\u00bb de recoller au score apr\u00e8s que les Clermontois aient ouvert la marque sur un essai de Massa.<\/p>\n<p>Il a surtout \u00e9t\u00e9 permis par une course splendide d\u2019Anthony Jelonch. Le 7 toulousain a d\u00e9pos\u00e9 la d\u00e9fense clermontoise, avant de servir son demi de m\u00eal\u00e9e.<\/p>\n<blockquote data-class=\"twitter-tweet\">\n<p lang=\"fr\" dir=\"ltr\">La charge de Jelonch ptdrrrrr je pr\u00e9f\u00e8re me prendre un bus<\/p>\n<p>\u2014 Phabib Purmagomedov (@Q_JrTheThird) <a href=\"https:\/\/twitter.com\/Q_JrTheThird\/status\/1964773130318270969?ref_src=twsrc%5Etfw\" rel=\"nofollow noopener\" target=\"_blank\">September 7, 2025<\/a><\/p><\/blockquote>\n<p>Surtout, il a r\u00e9alis\u00e9 une percussion particuli\u00e8rement impressionnante pour casser un premier placage avant de filer vers l\u2019en-but adverse. L\u2019extrait a tourn\u00e9 sur les r\u00e9seaux sociaux et certains en ont profit\u00e9 pour s\u2019enthousiasmer et pr\u00e9dire une grosse saison \u00e0 l\u00b4avant toulousain quand un internaute ironise\u00a0et d\u00e9clare avec humour \u00ab\u00a0pr\u00e9f\u00e9rer se prendre un bus\u00a0\u00bb qu\u2019avoir \u00e0 encaisser cette charge.<\/p>\n<p>                                                                                                                                                                                                        <script async src=\"https:\/\/platform.twitter.com\/widgets.js\" charset=\"utf-8\"><\/script><\/p>\n","protected":false},"excerpt":{"rendered":"l&rsquo;essentiel Le Stade Toulousain ouvre sa saison face \u00e0 l\u2019ASM Clermont ce dimanche 7\u00a0septembre. Le premier essai, inscrit&hellip;\n","protected":false},"author":2,"featured_media":373933,"comment_status":"","ping_status":"","sticky":false,"template":"","format":"standard","meta":{"footnotes":""},"categories":[9],"tags":[1011,27,60],"class_list":{"0":"post-373932","1":"post","2":"type-post","3":"status-publish","4":"format-standard","5":"has-post-thumbnail","7":"category-sports","8":"tag-fr","9":"tag-france","10":"tag-sports"},"share_on_mastodon":{"url":"https:\/\/pubeurope.com\/@fr\/115165397207637549","error":""},"_links":{"self":[{"href":"https:\/\/www.europesays.com\/fr\/wp-json\/wp\/v2\/posts\/373932","targetHints":{"allow":["GET"]}}],"collection":[{"href":"https:\/\/www.europesays.com\/fr\/wp-json\/wp\/v2\/posts"}],"about":[{"href":"https:\/\/www.europesays.com\/fr\/wp-json\/wp\/v2\/types\/post"}],"author":[{"embeddable":true,"href":"https:\/\/www.europesays.com\/fr\/wp-json\/wp\/v2\/users\/2"}],"replies":[{"embeddable":true,"href":"https:\/\/www.europesays.com\/fr\/wp-json\/wp\/v2\/comments?post=373932"}],"version-history":[{"count":0,"href":"https:\/\/www.europesays.com\/fr\/wp-json\/wp\/v2\/posts\/373932\/revisions"}],"wp:featuredmedia":[{"embeddable":true,"href":"https:\/\/www.europesays.com\/fr\/wp-json\/wp\/v2\/media\/373933"}],"wp:attachment":[{"href":"https:\/\/www.europesays.com\/fr\/wp-json\/wp\/v2\/media?parent=373932"}],"wp:term":[{"taxonomy":"category","embeddable":true,"href":"https:\/\/www.europesays.com\/fr\/wp-json\/wp\/v2\/categories?post=373932"},{"taxonomy":"post_tag","embeddable":true,"href":"https:\/\/www.europesays.com\/fr\/wp-json\/wp\/v2\/tags?post=373932"}],"curies":[{"name":"wp","href":"https:\/\/api.w.org\/{rel}","templated":true}]}}