{"id":373936,"date":"2025-09-07T22:35:15","date_gmt":"2025-09-07T22:35:15","guid":{"rendered":"https:\/\/www.europesays.com\/fr\/373936\/"},"modified":"2025-09-07T22:35:15","modified_gmt":"2025-09-07T22:35:15","slug":"liphone-17-pro-sera-annonce-mardi-les-nouveautes-attendues","status":"publish","type":"post","link":"https:\/\/www.europesays.com\/fr\/373936\/","title":{"rendered":"L&rsquo;iPhone 17 Pro sera annonc\u00e9 mardi : les nouveaut\u00e9s attendues"},"content":{"rendered":"<p>Apple pr\u00e9sentera ses nouveaux iPhone lors d\u2019une grande conf\u00e9rence mardi 9 septembre. Voici les nouveaut\u00e9s attendues de l\u2019iPhone 17 Pro.<\/p>\n<p><a href=\"https:\/\/images.frandroid.com\/wp-content\/uploads\/2025\/07\/iphone-17-pro-black-concept.webp\" target=\"_blank\" class=\"article-content__figure\" rel=\"noopener\"><img fetchpriority=\"high\" decoding=\"async\" loading=\"eager\" width=\"1200\" height=\"600\" src=\"https:\/\/www.europesays.com\/fr\/wp-content\/uploads\/2025\/09\/iphone-17-pro-black-concept.webp\" alt=\"\" class=\"wp-image-2720389 wp-image wp-image\"  \/><\/a><\/p>\n<p>Comme \u00e0 chaque rentr\u00e9e, Apple organise une grande conf\u00e9rence o\u00f9 sont attendus ses nouveaux iPhone, mais aussi les nouveaux \u00e9couteurs AirPods Pro et les nouvelles Apple Watch.<\/p>\n<p>Cette ann\u00e9e, <a href=\"https:\/\/www.frandroid.com\/marques\/apple\/2581183_iphone-17-et-17-pro-design-caracteristiques-fenetre-de-sortie-tout-ce-que-lon-sait-sur-la-gamme-2025-dapple\" target=\"_blank\" rel=\"noopener\">l\u2019iPhone 17 Pro<\/a> devrait offrir un changement de design et plusieurs nouveaut\u00e9s concentr\u00e9es autour de la photographie.<\/p>\n<p>Le nouveau design tr\u00e8s \u00ab Pixel \u00bb<\/p>\n<p>Le design de l\u2019iPhone 17 Pro a fait l\u2019objet de nombreuses fuites au point o\u00f9 <a href=\"https:\/\/www.frandroid.com\/marques\/apple\/2784027_meme-dbrand-revele-liphone-17-pro-et-liphone-17-air-avant-apple\" target=\"_blank\" rel=\"noopener\">il n\u2019y a plus le moindre doute sur son design<\/a>. Il marquera le premier redesign d\u2019Apple depuis l\u2019iPhone 12.<\/p>\n<p> Il proposera notamment un nouveau module photo prenant toute la largeur du smartphone \u00e0 l\u2019arri\u00e8re.<\/p>\n<p><a href=\"https:\/\/www.europesays.com\/fr\/wp-content\/uploads\/2025\/09\/1757284514_702_block-1-iphone-17-pro-magsafe-0001.jpg\" target=\"_blank\" class=\"article-content__figure\"><img loading=\"lazy\" decoding=\"async\" width=\"1200\" height=\"1080\" src=\"https:\/\/www.europesays.com\/fr\/wp-content\/uploads\/2025\/09\/1757284514_702_block-1-iphone-17-pro-magsafe-0001.jpg\" alt=\"\" class=\"wp-image-2784035 wp-image\"  \/><\/a><\/p>\n<p>Pour le reste, Apple devrait conserver la taille des iPhone 16 Pro, \u00e0 savoir une diagonale de 6,3 pouces pour le mod\u00e8le classique et 6,9 pouces pour l\u2019iPhone 17 Pro Max.<\/p>\n<p>Le ch\u00e2ssis serait de nouveau en aluminium, apr\u00e8s quelques ann\u00e9es de titane. Le dos en verre laisserait lui aussi partiellement sa place \u00e0 l\u2019aluminium, pour la partie basse du t\u00e9l\u00e9phone. Le but serait d\u2019augmenter la r\u00e9sistance de l\u2019iPhone et la dissipation de la chaleur.<\/p>\n<p>Les nouveaut\u00e9s<\/p>\n<p>L\u2019iPhone 17 Pro int\u00e9grera une nouvelle puce <a href=\"https:\/\/www.frandroid.com\/marques\/apple\/1995614_les-deux-prochaines-generations-diphone-partageraient-une-caracteristique-decevante\" target=\"_blank\" rel=\"noopener\">Apple A19 Pro, fabriqu\u00e9e sur le proc\u00e9d\u00e9 TSMC N3P<\/a>. <\/p>\n<p>Cela permettra \u00e0 Apple d\u2019augmenter significativement l\u2019autonomie de son smartphone, r\u00e9duire la chauffe provoqu\u00e9e par le SoC et am\u00e9liorer les capacit\u00e9s du t\u00e9l\u00e9phone en traitement photo et vid\u00e9o.<\/p>\n<p>La dissipation thermique serait l\u2019un des axes principaux d\u2019am\u00e9lioration du design interne d\u2019Apple, pour contenir au mieux la chaleur d\u00e9gag\u00e9e par l\u2019appareil.<\/p>\n<p><a href=\"https:\/\/www.europesays.com\/fr\/wp-content\/uploads\/2025\/09\/iPhone-17-Pro-might-be-cheaper-than-its-iPhone-16-Pro-counterpart.webp.webp\" target=\"_blank\" class=\"article-content__figure\"><img loading=\"lazy\" decoding=\"async\" width=\"940\" height=\"529\" src=\"https:\/\/www.europesays.com\/fr\/wp-content\/uploads\/2025\/09\/iPhone-17-Pro-might-be-cheaper-than-its-iPhone-16-Pro-counterpart.webp.webp\" alt=\"\" class=\"wp-image-2774651 wp-image\"  \/><\/a><\/p>\n<p>Le t\u00e9l\u00e9objectif de l\u2019appareil photo serait \u00e9quip\u00e9 <a href=\"https:\/\/www.frandroid.com\/marques\/apple\/1995614_les-deux-prochaines-generations-diphone-partageraient-une-caracteristique-decevante\" target=\"_blank\" rel=\"noopener\">d\u2019un capteur de 48 m\u00e9gapixels<\/a>, pour offrir un zoom de bien meilleure qualit\u00e9 que le capteur 12 m\u00e9gapixels des g\u00e9n\u00e9rations pr\u00e9c\u00e9dentes.<\/p>\n<p>On attend aussi un nouvel appareil photo en fa\u00e7ade bien plus capable, avec un capteur TrueDepth \u00e9galement plus petit, permettant de r\u00e9duire la Dynamic Island de l\u2019iPhone \u00e0 l\u2019avant.<\/p>\n<p>Surtout, l\u2019iPhone serait enfin capable de filmer \u00e0 la fois avec les appareils photo avant et arri\u00e8re. Une fonction d\u00e9j\u00e0 vu sur des smartphones Android, mais qui sera une premi\u00e8re chez Apple.<\/p>\n<p>Date de pr\u00e9commande et sortie<\/p>\n<p>Gr\u00e2ce aux petites habitudes d\u2019Apple, on peut deviner sans peine quand sortiront les nouveaux smartphones de la marque.<\/p>\n<p>Si le fabricant suit son habitude, <strong>l\u2019iPhone 17 Pro sera annonc\u00e9 le mardi 9 septembre<\/strong>, avant l\u2019ouverture des pr\u00e9commandes le <strong>vendredi 12 septembre \u00e0 14H00<\/strong> et <strong>la sortie commerciale le vendredi 19 septembre<\/strong>.<\/p>\n<p>Les iPhone 17 sortiront avec <a href=\"https:\/\/www.frandroid.com\/os\/ios\/2641885_voici-ios-26-sur-iphone-toutes-les-nouveautes-a-connaitre\" target=\"_blank\" rel=\"noopener\">iOS 26<\/a>, la nouvelle version du syt\u00e8me avec interface Liquid Glass, dont la sortie est attendu pour les anciens iPhone <strong>le lundi 15 septembre 2025<\/strong>.<\/p>\n","protected":false},"excerpt":{"rendered":"Apple pr\u00e9sentera ses nouveaux iPhone lors d\u2019une grande conf\u00e9rence mardi 9 septembre. Voici les nouveaut\u00e9s attendues de l\u2019iPhone&hellip;\n","protected":false},"author":2,"featured_media":311222,"comment_status":"","ping_status":"","sticky":false,"template":"","format":"standard","meta":{"footnotes":""},"categories":[7],"tags":[12578,270,1011,27,43,40,41,39,42,44],"class_list":{"0":"post-373936","1":"post","2":"type-post","3":"status-publish","4":"format-standard","5":"has-post-thumbnail","7":"category-sciences-et-technologies","8":"tag-apple-iphone-17-pro","9":"tag-breaking","10":"tag-fr","11":"tag-france","12":"tag-science","13":"tag-science-and-technology","14":"tag-sciences","15":"tag-sciences-et-technologies","16":"tag-technologies","17":"tag-technology"},"share_on_mastodon":{"url":"https:\/\/pubeurope.com\/@fr\/115165405186709088","error":""},"_links":{"self":[{"href":"https:\/\/www.europesays.com\/fr\/wp-json\/wp\/v2\/posts\/373936","targetHints":{"allow":["GET"]}}],"collection":[{"href":"https:\/\/www.europesays.com\/fr\/wp-json\/wp\/v2\/posts"}],"about":[{"href":"https:\/\/www.europesays.com\/fr\/wp-json\/wp\/v2\/types\/post"}],"author":[{"embeddable":true,"href":"https:\/\/www.europesays.com\/fr\/wp-json\/wp\/v2\/users\/2"}],"replies":[{"embeddable":true,"href":"https:\/\/www.europesays.com\/fr\/wp-json\/wp\/v2\/comments?post=373936"}],"version-history":[{"count":0,"href":"https:\/\/www.europesays.com\/fr\/wp-json\/wp\/v2\/posts\/373936\/revisions"}],"wp:featuredmedia":[{"embeddable":true,"href":"https:\/\/www.europesays.com\/fr\/wp-json\/wp\/v2\/media\/311222"}],"wp:attachment":[{"href":"https:\/\/www.europesays.com\/fr\/wp-json\/wp\/v2\/media?parent=373936"}],"wp:term":[{"taxonomy":"category","embeddable":true,"href":"https:\/\/www.europesays.com\/fr\/wp-json\/wp\/v2\/categories?post=373936"},{"taxonomy":"post_tag","embeddable":true,"href":"https:\/\/www.europesays.com\/fr\/wp-json\/wp\/v2\/tags?post=373936"}],"curies":[{"name":"wp","href":"https:\/\/api.w.org\/{rel}","templated":true}]}}