{"id":373941,"date":"2025-09-07T22:38:13","date_gmt":"2025-09-07T22:38:13","guid":{"rendered":"https:\/\/www.europesays.com\/fr\/373941\/"},"modified":"2025-09-07T22:38:13","modified_gmt":"2025-09-07T22:38:13","slug":"emmanuel-macron-avec-un-premier-ministre-socialiste-pourquoi-ce-scenario-est-mal-parti","status":"publish","type":"post","link":"https:\/\/www.europesays.com\/fr\/373941\/","title":{"rendered":"Emmanuel Macron avec un Premier ministre socialiste\u00a0? Pourquoi ce sc\u00e9nario est mal parti"},"content":{"rendered":"<p>        <img decoding=\"async\" loading=\"lazy\" src=\"https:\/\/www.europesays.com\/fr\/wp-content\/uploads\/2025\/09\/51f1e0f_upload-1-dwhjdrowmivm-afp-20250904-hl-xbouzas-2866520-v1-highres-francepoliticsmeetingconfid.jpeg\"  width=\"728\" height=\"409\" alt=\"Olivier Faure photographi\u00e9 \u00e0 Matignon le 4\u00a0septembre (Photo Xose Bouzas \/ Hans Lucas via AFP)\"\/>  <\/p>\n<p>XOSE BOUZAS \/ Hans Lucas via AFP<\/p>\n<p>Olivier Faure photographi\u00e9 \u00e0 Matignon le 4\u00a0septembre (Photo Xose Bouzas \/ Hans Lucas via AFP)<\/p>\n<p class=\"asset asset-text\">POLITIQUE &#8211; C\u2019est automatique. Alors que Fran\u00e7ois Bayrou vit ses derni\u00e8res heures \u00e0 Matignon, les regards se tournent logiquement vers la force qui pourrait permettre de sortir de l\u2019impasse politique\u00a0: le <a href=\"https:\/\/www.huffingtonpost.fr\/politique\/article\/comment-le-ps-entend-profiter-de-la-crise-politique-en-offrant-une-alternative_254182.html\" target=\"_blank\" rel=\"noopener\">Parti socialiste<\/a>. Et comme les choses sont bien faites, le premier d\u2019entre eux, Olivier Faure, a fait <a href=\"https:\/\/www.huffingtonpost.fr\/politique\/article\/comment-olivier-faure-veut-se-frayer-un-chemin-dans-le-marasme-politique-pour-s-imposer-a-matignon_254361.html\" target=\"_blank\" rel=\"noopener\">acte de candidature<\/a> pour r\u00e9cup\u00e9rer la t\u00e2che de former un gouvernement apte \u00e0 faire adopter un budget. Une offre de service salu\u00e9e par Fran\u00e7ois Hollande.<\/p>\n<p class=\"asset asset-text\">\u00ab\u00a0Ce sont les socialistes qui, par leur nombre de d\u00e9put\u00e9s, ont la cl\u00e9 de la stabilit\u00e9. Chacun doit le comprendre, et d\u2019abord Emmanuel Macron, d\u00e8s le jour d\u2019apr\u00e8s. Car rien ne pourra plus \u00eatre comme avant. Il faudra faire davantage que jeter un regard vers la gauche, il faudra prendre en compte ses propositions\u00a0\u00bb, affirme l\u2019ex-pr\u00e9sident de la R\u00e9publique dans <a href=\"https:\/\/www.latribune.fr\/la-tribune-dimanche\/politique\/francois-hollande-olivier-faure-a-vocation-a-revendiquer-le-pouvoir-1032008.html\" target=\"_blank\" rel=\"noopener\" title=\"Nouvelle fen\u00eatre\">La Tribune dimanche<\/a>, estimant que le premier secr\u00e9taire du PS \u00ab\u00a0a vocation \u00e0 revendiquer le pouvoir\u00a0\u00bb.<\/p>\n<p class=\"asset asset-text\">Sur le papier, on pourrait penser que la chose est entendue. Au regard des r\u00e9sultats des \u00e9lections l\u00e9gislatives 2024, et apr\u00e8s avoir deux fois \u00e9chou\u00e9 avec une proposition issue du bloc central pour mener une politique de centre droit, le chef de l\u2019\u00c9tat n\u2019a pas d\u2019autres choix que de se tourner sur sa gauche. Mais le probl\u00e8me ici n\u2019est pas la th\u00e9orie, mais bien la pratique. Car plusieurs obstacles \u00e0 la nomination d\u2019un Premier ministre socialiste menant une politique de gauche demeurent.<\/p>\n<p class=\"asset asset-text\">Il y a d\u2019abord les pr\u00e9c\u00e9dents qui devraient inciter les roses \u00e0 la prudence. Emmanuel Macron a refus\u00e9 \u00e0 deux reprises de choisir une personnalit\u00e9 issue du Nouveau Front populaire qui d\u00e9tricoterait sa politique de l\u2019offre et sa r\u00e9forme des retraites. Une constante qui subsiste, \u00e0 en croire les indiscr\u00e9tions de ses proches gliss\u00e9es \u00e0 la presse. \u00ab\u00a0Il n\u2019acceptera jamais\u00a0\u00bb, pr\u00e9vient encore l\u2019un de ses fid\u00e8les, cit\u00e9 ce dimanche par l\u2019AFP.<\/p>\n<p>                     \u00ab\u00a0Zone de confort\u00a0\u00bb    <\/p>\n<p class=\"asset asset-text\">Or, la proposition faite par Olivier Faure est claire\u00a0: une cohabitation en bonne et due forme, en pr\u00e9servant toutefois le domaine r\u00e9serv\u00e9 du chef de l\u2019\u00c9tat, sur la d\u00e9fense et l\u2019international. \u00ab\u00a0Je veux un gouvernement de gauche qui soit un gouvernement de cohabitation. Et qui ensuite passe devant le Parlement, et c\u2019est le Parlement qui dispose\u00a0\u00bb, a r\u00e9p\u00e9t\u00e9 le premier secr\u00e9taire du PS ce dimanche dans l\u2019\u00e9mission Dimanche en politique sur France 3.<\/p>\n<p class=\"asset asset-text\">Dit autrement\u00a0: hors de question de participer \u00e0 une formule qui ferait de la place \u00e0 des ministres macronistes ou LR, fa\u00e7on union nationale ou <a href=\"https:\/\/www.huffingtonpost.fr\/politique\/article\/emmanuel-macron-ne-veut-pas-d-un-arc-de-gouvernement-mais-la-recomposition-de-son-bloc-central_243215.html\" target=\"_blank\" rel=\"noopener\">\u00e9largissement du bloc central<\/a>. \u00ab\u00a0Je suis contre toute confusion. Je ne veux pas un gouvernement qui serait en m\u00eame temps les uns et les autres, nous sommes diff\u00e9rents\u00a0\u00bb, a-t-il poursuivi. Probl\u00e8me\u00a0: Emmanuel Macron ne l\u2019entend pas de cette fa\u00e7on, persistant \u00e0 vouloir piocher un candidat \u00ab\u00a0dans sa zone de confort\u00a0\u00bb.<\/p>\n<p> La lecture de ce contenu est susceptible d\u2019entra\u00eener un d\u00e9p\u00f4t de cookies de la part de l\u2019op\u00e9rateur tiers qui l\u2019h\u00e9berge. Compte-tenu des choix que vous avez exprim\u00e9s en mati\u00e8re de d\u00e9p\u00f4t de cookies, nous avons bloqu\u00e9 l\u2019affichage de ce contenu. Si vous souhaitez y acc\u00e9der, vous devez accepter la cat\u00e9gorie de cookies \u201cContenus tiers\u201d en cliquant sur le bouton ci-dessous. <\/p>\n<p> Lire la Vid\u00e9o        <\/p>\n<p class=\"asset asset-text\">Ce qui, m\u00e9caniquement, \u00e9carte l\u2019option PS qui, en \u00e9cartant LFI, ne pourrait compter que sur 121\u00a0d\u00e9put\u00e9s. D\u2019autant que cette solution comporte un autre risque pour Emmanuel Macron\u00a0: le d\u00e9part des R\u00e9publicains du \u00ab\u00a0socle commun\u00a0\u00bb. Une r\u00e9action automatique confirm\u00e9e ce dimanche par Bruno Retailleau. \u00ab\u00a0Il est hors de question, comme vous le savez, qu\u2019on accepte demain qu\u2019un Premier ministre socialiste soit nomm\u00e9 \u00e0 Matignon\u00a0\u00bb, a insist\u00e9 le pr\u00e9sident des R\u00e9publicains ce dimanche, laissant planer le doute sur une \u00e9ventuelle censure d\u2019un gouvernement qui serait dirig\u00e9 par la gauche.<\/p>\n<p class=\"asset asset-text\">Apr\u00e8s plusieurs ann\u00e9es de drague lourde pour arrimer l\u2019ex-UMP aux c\u00f4t\u00e9s du bloc central, on imagine mal Emmanuel Macron sacrifier tant d\u2019efforts pour s\u2019assurer une stabilit\u00e9 jusqu\u2019\u00e0 la fin de son mandat. Qui plus est pour nommer une \u00e9quipe gouvernementale pr\u00eate \u00e0 liquider le logiciel \u00e9conomique du macronisme et alors que l\u2019essentiel de ses troupes au Palais Bourbon penche franchement \u00e0 droite.<\/p>\n<p class=\"asset asset-text\">Mais alors, pourquoi cette offre de service malgr\u00e9 tous ces obstacles\u00a0? \u00ab\u00a0Notre ligne est claire, c\u2019est de montrer \u00e0 Emmanuel Macron et aux Fran\u00e7ais que nous sommes une alternative \u00e0 cette crise. La suite lui appartient\u00a0\u00bb, r\u00e9sumait dans la semaine un d\u00e9put\u00e9 PS sond\u00e9 par Le HuffPost. Comprendre\u00a0: l\u2019essentiel est surtout de se montrer en capacit\u00e9 d\u2019y aller, en d\u00e9pit du refus macroniste de voir la gauche revenir au pouvoir.<\/p>\n<p class=\"asset asset-text\">R\u00e9sultat, ce sont (encore) <a href=\"https:\/\/www.huffingtonpost.fr\/politique\/article\/lecornu-darmanin-pourquoi-ce-sont-encore-ces-memes-noms-de-premiers-ministrables-qui-reviennent_254247.html\" target=\"_blank\" rel=\"noopener\" title=\"Nouvelle fen\u00eatre\">les m\u00eames noms qui reviennent<\/a>, selon les informations de <a href=\"https:\/\/www.latribune.fr\/la-tribune-dimanche\/politique\/emmanuel-macron-se-prepare-aux-secousses-de-l-apres-bayrou-1032012.html\" target=\"_blank\" rel=\"noopener\" title=\"Nouvelle fen\u00eatre\">La Tribune dimanche<\/a>. \u00c0 savoir donc S\u00e9bastien Lecornu, G\u00e9rald Darmanin ou encore Catherine Vautrin. Trois nuances de droite pour un retour \u00e0 la case d\u00e9part. Loin de la gauche et de ses envies de <a href=\"https:\/\/www.huffingtonpost.fr\/politique\/article\/sur-la-taxe-zucman-cet-argument-de-francois-bayrou-mis-a-mal-par-un-rapport-de-son-propre-conseil_254300.html\" target=\"_blank\" rel=\"noopener\" title=\"Nouvelle fen\u00eatre\">taxer les plus fortun\u00e9s pour r\u00e9sorber le d\u00e9ficit<\/a>, mais tr\u00e8s proche de ce qu\u2019ont propos\u00e9 avant eux Fran\u00e7ois Bayrou et Michel Barnier. Avec le succ\u00e8s que l\u2019on conna\u00eet.<\/p>\n","protected":false},"excerpt":{"rendered":"XOSE BOUZAS \/ Hans Lucas via AFP Olivier Faure photographi\u00e9 \u00e0 Matignon le 4\u00a0septembre (Photo Xose Bouzas \/&hellip;\n","protected":false},"author":2,"featured_media":373942,"comment_status":"","ping_status":"","sticky":false,"template":"","format":"standard","meta":{"footnotes":""},"categories":[4],"tags":[11,416,1073,1011,27,431,12,4393,316,25],"class_list":{"0":"post-373941","1":"post","2":"type-post","3":"status-publish","4":"format-standard","5":"has-post-thumbnail","7":"category-france","8":"tag-actualites","9":"tag-assemblee-nationale","10":"tag-emmanuel-macron","11":"tag-fr","12":"tag-france","13":"tag-francois-bayrou","14":"tag-news","15":"tag-olivier-faure","16":"tag-politique","17":"tag-republique-francaise"},"share_on_mastodon":{"url":"https:\/\/pubeurope.com\/@fr\/115165416898292983","error":""},"_links":{"self":[{"href":"https:\/\/www.europesays.com\/fr\/wp-json\/wp\/v2\/posts\/373941","targetHints":{"allow":["GET"]}}],"collection":[{"href":"https:\/\/www.europesays.com\/fr\/wp-json\/wp\/v2\/posts"}],"about":[{"href":"https:\/\/www.europesays.com\/fr\/wp-json\/wp\/v2\/types\/post"}],"author":[{"embeddable":true,"href":"https:\/\/www.europesays.com\/fr\/wp-json\/wp\/v2\/users\/2"}],"replies":[{"embeddable":true,"href":"https:\/\/www.europesays.com\/fr\/wp-json\/wp\/v2\/comments?post=373941"}],"version-history":[{"count":0,"href":"https:\/\/www.europesays.com\/fr\/wp-json\/wp\/v2\/posts\/373941\/revisions"}],"wp:featuredmedia":[{"embeddable":true,"href":"https:\/\/www.europesays.com\/fr\/wp-json\/wp\/v2\/media\/373942"}],"wp:attachment":[{"href":"https:\/\/www.europesays.com\/fr\/wp-json\/wp\/v2\/media?parent=373941"}],"wp:term":[{"taxonomy":"category","embeddable":true,"href":"https:\/\/www.europesays.com\/fr\/wp-json\/wp\/v2\/categories?post=373941"},{"taxonomy":"post_tag","embeddable":true,"href":"https:\/\/www.europesays.com\/fr\/wp-json\/wp\/v2\/tags?post=373941"}],"curies":[{"name":"wp","href":"https:\/\/api.w.org\/{rel}","templated":true}]}}