{"id":373943,"date":"2025-09-07T22:39:11","date_gmt":"2025-09-07T22:39:11","guid":{"rendered":"https:\/\/www.europesays.com\/fr\/373943\/"},"modified":"2025-09-07T22:39:11","modified_gmt":"2025-09-07T22:39:11","slug":"apres-la-victoire-des-bleues-le-tableau-des-quarts-de-finale-de-la-coupe-du-monde-feminine-de-rugby-lequipe","status":"publish","type":"post","link":"https:\/\/www.europesays.com\/fr\/373943\/","title":{"rendered":"Apr\u00e8s la victoire des Bleues, le tableau des quarts de finale de la Coupe du monde f\u00e9minine de rugby &#8211; L&#039;\u00c9quipe"},"content":{"rendered":"<ol>\n<li><a href=\"https:\/\/news.google.com\/rss\/articles\/CBMi4AFBVV95cUxQQy0tUVlaeDVLUzZlREoxTTNsRmJiODJ5ejdkaTFWb3Vvb3hTTVJjdWx3UDFEamN5S3VwNFNkUUZMOEItREN3dFYzSll0UnhGMVRHOHBGdGhScFJoZmhnbm9ZamRuay1wY1N3ZXpTU25lbDJ2VHZzdUd3MEREZ0pLaWlRMWlKZnBJWktEYmhVSklISDJWQm1kWEtTSHVscV9lZTZHNGNrVk5TWWNGalo5NVUwdksyMXZQYmM3RmV1N0VHV01Mdm9vNENGMGFDOVZkS3dFb21RMjBVQk5PaUJOaw?oc=5\" target=\"_blank\" rel=\"nofollow noopener\">Apr\u00e8s la victoire des Bleues, le tableau des quarts de finale de la Coupe du monde f\u00e9minine de rugby<\/a>&nbsp;&nbsp;L&rsquo;\u00c9quipe<\/li>\n<li><a href=\"https:\/\/news.google.com\/rss\/articles\/CBMiuAFBVV95cUxPOXQ4cElEVnJLaDRIQUZpV01WbFpuN192bDVob0JPeW80YXZqODZUVDJGSTZqWmpFTHFUcXNHRjZfdjAwTmtucjFvcFBqS2dWcFhrS2pqd3dNdEJDZHppcENXaGR6S1NPX1NEUkZMcXA1OWxiUzNOd0JtYXlNRjFIU2VYSm9HeUpBWk43bW9EbkxXUmt3SF9vMHlzcjhPWXNDVFU3VElWUTREUTdZUHNMMy1mVEhOTW5r?oc=5\" target=\"_blank\" rel=\"nofollow noopener\">Coupe du monde (F) : Revivez France &#8211; Afrique du Sud<\/a>&nbsp;&nbsp;Orange Actualit\u00e9s | Sports<\/li>\n<li><a href=\"https:\/\/news.google.com\/rss\/articles\/CBMijwJBVV95cUxPYndKMWlLWkpabTRQcXJIalVwSGM3NkJYd203SVR0SWx0T0JFYzdMQWZjV1RhLUUzMnZDdGMwbG91X3RRNTQ2TlJBVHFQWjY5YWd3aW1jeUtnZ29OV25mMGZtcHRqWkktQ3NySlBHeVRBWXo3ZlBwempZYlR0MC1TUFdXVXFTMk44MnpOSE5XNnVIenc1Q3hDUWhQaVk5NWxRdTgwajVOYWN0RGxqQm45Z3pFMGtYV3pwYzdXVFN5TmlSUEdNbHVaNjNsQlVvMVNQUUhCY3FXZzZ2a0lSQ0RVN3VKc0duNzFTQkRyN0owaVlCZ0NvZTIyYkpqWDRVU2VPbVlsWmQ3Y3gyUENqa2lr?oc=5\" target=\"_blank\" rel=\"nofollow noopener\">\u00ab Quand on les affronte, \u00e7a laisse des traces \u00bb : face \u00e0 l&rsquo;Afrique du Sud, les Bleues s&rsquo;attendent \u00e0 un gros combat<\/a>&nbsp;&nbsp;L&rsquo;\u00c9quipe<\/li>\n<li><a href=\"https:\/\/news.google.com\/rss\/articles\/CBMiwAFBVV95cUxPYlB6SWFCbnlOSXVUdEF3YkphdkxRUDl6aGZKaHFnYkR4dDViM3B4eDRKaDhDSzY0dWotVnNxeDFCWVhZS0U0ZlhzRGR5ekVzckxENHlCaHhrbHlDNHJDZ1F0WGV3VmhFclpOQUg4THpwTWl1RHlPS3FZTTJKeUhDZUdTdzhRd2YtbEN4UDZvUnJnZHcxWUVnbF9PLTRDUUItMHJpMzNrQnlXT3hQS0Z3ZDREVkhZVkxyaVFlcndlYzQ?oc=5\" target=\"_blank\" rel=\"nofollow noopener\">Groupe D &#8211; Journ\u00e9e 3 : France vs Afrique du Sud en replay &#8211; Manipulations, une histoire fran\u00e7aise<\/a>&nbsp;&nbsp;France TV<\/li>\n<li><a href=\"https:\/\/news.google.com\/rss\/articles\/CBMi7AFBVV95cUxPUmZ5UVc3YUh6NFRHZEpwWDlXak9ZN0Jack9Vb3ZFYmE5MGtXU1B1Rlo2ZllzVzhTZGtZN2tIenNzUmlxWVo2SFYwNHpfRVN4UEtKOHpQTmZFSFpaYkRTcXR0X3l1R3VDeEdxb1hfLTNHRkhXVDlYSzhzaXBFRUpVTzZfcWRBRW9Jd1VHRno2WTBNQVoxcVdYY1pzbU9HNVhmaGRQc2xHTkVBaVVwN2tZVEoxVGNTN3UzRklUZnp1WWVpMnJOeENqTmdiMGlMT2JaX0Q4RHRhcWtKOVZSblh2amZOLUFSY2J0VVJSbA?oc=5\" target=\"_blank\" rel=\"nofollow noopener\">Coupe du monde f\u00e9minine 2025 \u2013 Les Bleues d\u00e9fieront l\u2019Irlande\u2026 Le tableau complet de la phase finale du Mondial<\/a>&nbsp;&nbsp;Rugbyrama<\/li>\n<\/ol>\n","protected":false},"excerpt":{"rendered":"Apr\u00e8s la victoire des Bleues, le tableau des quarts de finale de la Coupe du monde f\u00e9minine de&hellip;\n","protected":false},"author":2,"featured_media":373944,"comment_status":"","ping_status":"","sticky":false,"template":"","format":"standard","meta":{"footnotes":""},"categories":[2],"tags":[11,1011,27,12],"class_list":{"0":"post-373943","1":"post","2":"type-post","3":"status-publish","4":"format-standard","5":"has-post-thumbnail","7":"category-actualites","8":"tag-actualites","9":"tag-fr","10":"tag-france","11":"tag-news"},"share_on_mastodon":{"url":"https:\/\/pubeurope.com\/@fr\/115165420804977495","error":""},"_links":{"self":[{"href":"https:\/\/www.europesays.com\/fr\/wp-json\/wp\/v2\/posts\/373943","targetHints":{"allow":["GET"]}}],"collection":[{"href":"https:\/\/www.europesays.com\/fr\/wp-json\/wp\/v2\/posts"}],"about":[{"href":"https:\/\/www.europesays.com\/fr\/wp-json\/wp\/v2\/types\/post"}],"author":[{"embeddable":true,"href":"https:\/\/www.europesays.com\/fr\/wp-json\/wp\/v2\/users\/2"}],"replies":[{"embeddable":true,"href":"https:\/\/www.europesays.com\/fr\/wp-json\/wp\/v2\/comments?post=373943"}],"version-history":[{"count":0,"href":"https:\/\/www.europesays.com\/fr\/wp-json\/wp\/v2\/posts\/373943\/revisions"}],"wp:featuredmedia":[{"embeddable":true,"href":"https:\/\/www.europesays.com\/fr\/wp-json\/wp\/v2\/media\/373944"}],"wp:attachment":[{"href":"https:\/\/www.europesays.com\/fr\/wp-json\/wp\/v2\/media?parent=373943"}],"wp:term":[{"taxonomy":"category","embeddable":true,"href":"https:\/\/www.europesays.com\/fr\/wp-json\/wp\/v2\/categories?post=373943"},{"taxonomy":"post_tag","embeddable":true,"href":"https:\/\/www.europesays.com\/fr\/wp-json\/wp\/v2\/tags?post=373943"}],"curies":[{"name":"wp","href":"https:\/\/api.w.org\/{rel}","templated":true}]}}