{"id":373945,"date":"2025-09-07T22:40:24","date_gmt":"2025-09-07T22:40:24","guid":{"rendered":"https:\/\/www.europesays.com\/fr\/373945\/"},"modified":"2025-09-07T22:40:24","modified_gmt":"2025-09-07T22:40:24","slug":"saint-etienne-un-incendie-dans-un-immeuble-dhabitation","status":"publish","type":"post","link":"https:\/\/www.europesays.com\/fr\/373945\/","title":{"rendered":"Saint-\u00c9tienne. Un incendie dans un immeuble d\u2019habitation"},"content":{"rendered":"<p>Seize sapeurs-pompiers sont intervenus ce dimanche matin vers 11 heures pour un feu d\u2019appartement dans un immeuble d\u2019habitation dans le quartier de la Marandini\u00e8re \u00e0 Saint-\u00c9tienne. Le feu s\u2019est d\u00e9clench\u00e9 au quatri\u00e8me \u00e9tage d\u2019un b\u00e2timent qui en compte cinq.<\/p>\n<p>Deux fourgons d\u2019incendie ainsi qu\u2019une grande \u00e9chelle ont \u00e9t\u00e9 mobilis\u00e9s.<\/p>\n<p>Aucune victime n\u2019est \u00e0 d\u00e9plorer. Les occupants avaient \u00e9vacu\u00e9 leur logement avant l\u2019arriv\u00e9e des secours.<\/p>\n","protected":false},"excerpt":{"rendered":"Seize sapeurs-pompiers sont intervenus ce dimanche matin vers 11 heures pour un feu d\u2019appartement dans un immeuble d\u2019habitation&hellip;\n","protected":false},"author":2,"featured_media":373946,"comment_status":"","ping_status":"","sticky":false,"template":"","format":"standard","meta":{"footnotes":""},"categories":[9653],"tags":[1111,11,2430,7539,1777,674,274,1011,27,1310,3367,12,25,4001,7538],"class_list":{"0":"post-373945","1":"post","2":"type-post","3":"status-publish","4":"format-standard","5":"has-post-thumbnail","7":"category-saint-etienne","8":"tag-actu","9":"tag-actualites","10":"tag-auvergne-rhone-alpes","11":"tag-edition-loire-sud","12":"tag-eu","13":"tag-europe","14":"tag-faits-divers-justice","15":"tag-fr","16":"tag-france","17":"tag-incendie","18":"tag-loire","19":"tag-news","20":"tag-republique-francaise","21":"tag-saint-etienne","22":"tag-saint-etienne-ville"},"share_on_mastodon":{"url":"https:\/\/pubeurope.com\/@fr\/115165424789449671","error":""},"_links":{"self":[{"href":"https:\/\/www.europesays.com\/fr\/wp-json\/wp\/v2\/posts\/373945","targetHints":{"allow":["GET"]}}],"collection":[{"href":"https:\/\/www.europesays.com\/fr\/wp-json\/wp\/v2\/posts"}],"about":[{"href":"https:\/\/www.europesays.com\/fr\/wp-json\/wp\/v2\/types\/post"}],"author":[{"embeddable":true,"href":"https:\/\/www.europesays.com\/fr\/wp-json\/wp\/v2\/users\/2"}],"replies":[{"embeddable":true,"href":"https:\/\/www.europesays.com\/fr\/wp-json\/wp\/v2\/comments?post=373945"}],"version-history":[{"count":0,"href":"https:\/\/www.europesays.com\/fr\/wp-json\/wp\/v2\/posts\/373945\/revisions"}],"wp:featuredmedia":[{"embeddable":true,"href":"https:\/\/www.europesays.com\/fr\/wp-json\/wp\/v2\/media\/373946"}],"wp:attachment":[{"href":"https:\/\/www.europesays.com\/fr\/wp-json\/wp\/v2\/media?parent=373945"}],"wp:term":[{"taxonomy":"category","embeddable":true,"href":"https:\/\/www.europesays.com\/fr\/wp-json\/wp\/v2\/categories?post=373945"},{"taxonomy":"post_tag","embeddable":true,"href":"https:\/\/www.europesays.com\/fr\/wp-json\/wp\/v2\/tags?post=373945"}],"curies":[{"name":"wp","href":"https:\/\/api.w.org\/{rel}","templated":true}]}}