{"id":373947,"date":"2025-09-07T22:41:18","date_gmt":"2025-09-07T22:41:18","guid":{"rendered":"https:\/\/www.europesays.com\/fr\/373947\/"},"modified":"2025-09-07T22:41:18","modified_gmt":"2025-09-07T22:41:18","slug":"asse-mercato-stassin-detourne-par-lol-la-folle-rumeur","status":"publish","type":"post","link":"https:\/\/www.europesays.com\/fr\/373947\/","title":{"rendered":"ASSE Mercato : Stassin d\u00e9tourn\u00e9 par l\u2019OL, la folle rumeur !\u00a0"},"content":{"rendered":"<p><strong>Faute de renforts majeurs en pointe, l\u2019OL s\u2019agite en coulisses pour trouver le successeur de Georges Mikautadze. Mais alors que le mercato bat son plein, la recherche du futur num\u00e9ro 9 s\u2019av\u00e8re plus compliqu\u00e9e que pr\u00e9vu, cristallisant l\u2019urgence d\u2019un club qui se doit de rester ambitieux.<\/strong><\/p>\n<p><strong>L\u2019OL cherche son nouveau num\u00e9ro 9<\/strong><\/p>\n<p>Le d\u00e9part de <strong>Mikautadze<\/strong> vers Villarreal laisse un vide criant \u00e0 la pointe de l\u2019attaque lyonnaise. Apr\u00e8s ses performances s\u00e9duisantes et un profil d\u2019avant-centre moderne, la n\u00e9cessit\u00e9 de lui trouver un rempla\u00e7ant d\u2019envergure s\u2019impose comme la priorit\u00e9 de Paulo Fonseca. Les supporters attendent une solution offensive rapidement, conscients du risque d\u2019entamer la saison sans vrai finisseur.<\/p>\n<p><strong>Lyon se tourne vers l\u2019ASSE et bute sur Stassin<\/strong><\/p>\n<p>Dans sa qu\u00eate, le club lyonnais s\u2019est rapproch\u00e9 des voisins de l\u2019ASSE. Cible identifi\u00e9e\u00a0: <strong>Lucas Stassin<\/strong>, jeune attaquant belge en pleine progression. Selon L\u2019\u00c9quipe, les discussions avec les Verts n\u2019ont cependant pas tra\u00een\u00e9. En r\u00e9clamant 30 millions d\u2019euros pour leur buteur, Saint-\u00c9tienne a pos\u00e9 un veto \u00e9conomique r\u00e9dhibitoire. Impossible pour l\u2019OL de consacrer la quasi-totalit\u00e9 du montant obtenu avec la vente de Mikautadze.<\/p>\n<p>Pourtant, la cote de Stassin ne cesse de grimper depuis son arriv\u00e9e dans le Forez, attirant l\u2019attention de plusieurs clubs dont r\u00e9cemment <a href=\"https:\/\/www.butfootballclub.fr\/616232-asse-mercato-le-stade-rennais-pret-a-relancer-lucas-stassin\/\" rel=\"noopener\" target=\"_blank\">le Stade Rennais pr\u00eat \u00e0 relancer Lucas Stassin<\/a>. Mais c\u00f4t\u00e9 lyonnais, la page est tourn\u00e9e malgr\u00e9 l\u2019int\u00e9r\u00eat r\u00e9el suscit\u00e9 par son profil prometteur.<\/p>\n<p><strong>Un recrutement ambitieux, mais un budget contraint<\/strong><\/p>\n<p>D\u00e9j\u00e0 renforc\u00e9 par le retour de <strong>Rachid Ghezzal<\/strong>, sp\u00e9cialiste des coups de pied arr\u00eat\u00e9s et joueur exp\u00e9riment\u00e9, Lyon tente de garder le cap de l\u2019ambition. Ghezzal am\u00e8ne cr\u00e9ativit\u00e9 et exp\u00e9rience sur le front de l\u2019attaque, mais le poste d\u2019avant-centre reste orphelin. Les dirigeants passent les dossiers en revue, mais les marges de man\u0153uvre financi\u00e8res limitent les grandes man\u0153uvres.<\/p>\n<p>L\u2019actualit\u00e9 du mercato met en lumi\u00e8re cet \u00e9quilibre fragile entre volont\u00e9 de frapper fort et gestion raisonn\u00e9e des ressources du club. Les n\u00e9gociations achoppent souvent sur la valorisation \u00e9lev\u00e9e des cibles, comme c\u2019est actuellement le cas pour Stassin, d\u00e9j\u00e0 convoit\u00e9 par d\u2019autres formations selon <a href=\"https:\/\/www.lequipe.fr\/Football\/Actualites\/Mercato-le-paris-fc-fait-une-offre-consequente-pour-lucas-stassin-saint-etienne\/1589528\" rel=\"noopener\" target=\"_blank\">l\u2019offre cons\u00e9quente du Paris FC pour Lucas Stassin<\/a>.<\/p>\n<p><strong>Quelle suite pour le mercato lyonnais ?<\/strong><\/p>\n<p>L\u2019OL explore d\u2019autres pistes, mais le temps presse. La tension monte chez les supporters, conscients que, sans un nouveau buteur de r\u00e9f\u00e9rence, le d\u00e9but de saison pourrait s\u2019av\u00e9rer compliqu\u00e9 face aux ambitions du club. Paulo Fonseca le sait, ses options se r\u00e9duisent, et l\u2019attaque lyonnaise reste incompl\u00e8te \u00e0 ce jour.<\/p>\n<p>La cl\u00e9 du mercato lyonnais se joue d\u00e9sormais sur sa capacit\u00e9 \u00e0 saisir une opportunit\u00e9 cr\u00e9dible pour la pointe, sans s\u2019aligner sur des exigences d\u00e9mesur\u00e9es. Le suspense reste entier concernant l\u2019enveloppe disponible et le profil du futur num\u00e9ro 9. Pour l\u2019OL, l\u2019enjeu d\u00e9passe le simple mercato\u00a0: il s\u2019agit d\u2019asseoir durablement ses ambitions en Ligue 1 et, par l\u00e0 m\u00eame, de r\u00e9pondre \u00e0 l\u2019attente d\u2019un public toujours plus exigeant.<\/p>\n","protected":false},"excerpt":{"rendered":"Faute de renforts majeurs en pointe, l\u2019OL s\u2019agite en coulisses pour trouver le successeur de Georges Mikautadze. Mais&hellip;\n","protected":false},"author":2,"featured_media":373948,"comment_status":"","ping_status":"","sticky":false,"template":"","format":"standard","meta":{"footnotes":""},"categories":[9653],"tags":[1111,11,2430,448,1777,674,63,1011,27,66,3388,12,25,4001,10662],"class_list":{"0":"post-373947","1":"post","2":"type-post","3":"status-publish","4":"format-standard","5":"has-post-thumbnail","7":"category-saint-etienne","8":"tag-actu","9":"tag-actualites","10":"tag-auvergne-rhone-alpes","11":"tag-champions-league","12":"tag-eu","13":"tag-europe","14":"tag-football","15":"tag-fr","16":"tag-france","17":"tag-ligue-1","18":"tag-matchs","19":"tag-news","20":"tag-republique-francaise","21":"tag-saint-etienne","22":"tag-transferts"},"share_on_mastodon":{"url":"https:\/\/pubeurope.com\/@fr\/115165428678301558","error":""},"_links":{"self":[{"href":"https:\/\/www.europesays.com\/fr\/wp-json\/wp\/v2\/posts\/373947","targetHints":{"allow":["GET"]}}],"collection":[{"href":"https:\/\/www.europesays.com\/fr\/wp-json\/wp\/v2\/posts"}],"about":[{"href":"https:\/\/www.europesays.com\/fr\/wp-json\/wp\/v2\/types\/post"}],"author":[{"embeddable":true,"href":"https:\/\/www.europesays.com\/fr\/wp-json\/wp\/v2\/users\/2"}],"replies":[{"embeddable":true,"href":"https:\/\/www.europesays.com\/fr\/wp-json\/wp\/v2\/comments?post=373947"}],"version-history":[{"count":0,"href":"https:\/\/www.europesays.com\/fr\/wp-json\/wp\/v2\/posts\/373947\/revisions"}],"wp:featuredmedia":[{"embeddable":true,"href":"https:\/\/www.europesays.com\/fr\/wp-json\/wp\/v2\/media\/373948"}],"wp:attachment":[{"href":"https:\/\/www.europesays.com\/fr\/wp-json\/wp\/v2\/media?parent=373947"}],"wp:term":[{"taxonomy":"category","embeddable":true,"href":"https:\/\/www.europesays.com\/fr\/wp-json\/wp\/v2\/categories?post=373947"},{"taxonomy":"post_tag","embeddable":true,"href":"https:\/\/www.europesays.com\/fr\/wp-json\/wp\/v2\/tags?post=373947"}],"curies":[{"name":"wp","href":"https:\/\/api.w.org\/{rel}","templated":true}]}}