{"id":373949,"date":"2025-09-07T22:42:10","date_gmt":"2025-09-07T22:42:10","guid":{"rendered":"https:\/\/www.europesays.com\/fr\/373949\/"},"modified":"2025-09-07T22:42:10","modified_gmt":"2025-09-07T22:42:10","slug":"poussez-les-portes-du-goethe-institut","status":"publish","type":"post","link":"https:\/\/www.europesays.com\/fr\/373949\/","title":{"rendered":"poussez les portes du Goethe-Institut !"},"content":{"rendered":"<p>\u00c0 deux pas de la gare, le Goethe-Institut est certainement le plus bel endroit \u00e0 Nancy pour apprendre l\u2019allemand\u00a0! Avec ses salles de classe modernes, sa biblioth\u00e8que \u00e0 l\u2019atmosph\u00e8re studieuse, son parc arbor\u00e9 et son vaste parking, ce magnifique b\u00e2timent offre les conditions d\u2019apprentissage id\u00e9ales. De plus, les cours sont assur\u00e9s par des professeurs natifs et form\u00e9s r\u00e9guli\u00e8rement, et la m\u00e9thode d\u2019enseignement est certifi\u00e9e par une charte de qualit\u00e9.<\/p>\n<p>Le semestre d\u00e9bute le 29 septembre prochain et se termine fin janvier. Gr\u00e2ce au format blended learning, vous rencontrez votre professeur et le reste du groupe au Goethe-Institut une fois par semaine. L\u2019apprentissage se poursuit \u00e0 votre rythme sur une plateforme d\u00e9di\u00e9e, o\u00f9 vous restez accompagn\u00e9 par votre professeur. Au total, ce sont 3 heures de travail hebdomadaires sur 10 \u00e0 14 semaines.<\/p>\n<p>Vous avez besoin de plus de flexibilit\u00e9\u00a0? Vous habitez loin de Nancy\u00a0? Les cours hybrides sont faits pour vous\u00a0! Vous profitez de tous les avantages du format blended learning, mais depuis chez vous, chaque semaine en visio sur Zoom. \u00c0 noter que la premi\u00e8re et la derni\u00e8re s\u00e9ance restent organis\u00e9es au Goethe-Institut.<\/p>\n<p>Des s\u00e9ances sp\u00e9cifiques \u00ab\u00a0Grammaire et Conversation\u00a0\u00bb sont propos\u00e9es, ainsi que le cours \u00ab\u00a0Aktuelles aus Deutschland\u00a0\u00bb pour d\u00e9velopper vos connaissances en allemand des affaires et en civilisation allemande. Des cours d\u2019allemand individuels sont \u00e9galement disponibles.<\/p>\n<p>Par ailleurs, les enfants et les jeunes de 4 a\u0300 17 ans peuvent participer \u00e0 des cours et ateliers, des stages intensifs et des ateliers cr\u00e9atifs.<\/p>\n<p>Un test de niveau (frais de test d\u00e9duits des frais de cours) et un entretien pr\u00e9liminaire pour d\u00e9finir vos objectifs permettront de vous orienter vers le cours le plus adapt\u00e9 \u00e0 vos besoins.<\/p>\n<p>Les cours dispens\u00e9s au Goethe-Institut Nancy sont \u00e9ligibles au CPF. Attention\u00a0: votre inscription avec votre CPF doit avoir lieu au plus tard le 10 septembre.<\/p>\n<p>\u00a0<\/p>\n<p><strong>\u00a0<\/strong><\/p>\n","protected":false},"excerpt":{"rendered":"\u00c0 deux pas de la gare, le Goethe-Institut est certainement le plus bel endroit \u00e0 Nancy pour apprendre&hellip;\n","protected":false},"author":2,"featured_media":373950,"comment_status":"","ping_status":"","sticky":false,"template":"","format":"standard","meta":{"footnotes":""},"categories":[9635],"tags":[1111,11,7884,1777,674,1011,27,775,1702,12,25],"class_list":{"0":"post-373949","1":"post","2":"type-post","3":"status-publish","4":"format-standard","5":"has-post-thumbnail","7":"category-nancy","8":"tag-actu","9":"tag-actualites","10":"tag-articles-partenaires","11":"tag-eu","12":"tag-europe","13":"tag-fr","14":"tag-france","15":"tag-grand-est","16":"tag-nancy","17":"tag-news","18":"tag-republique-francaise"},"share_on_mastodon":{"url":"https:\/\/pubeurope.com\/@fr\/115165432613256765","error":""},"_links":{"self":[{"href":"https:\/\/www.europesays.com\/fr\/wp-json\/wp\/v2\/posts\/373949","targetHints":{"allow":["GET"]}}],"collection":[{"href":"https:\/\/www.europesays.com\/fr\/wp-json\/wp\/v2\/posts"}],"about":[{"href":"https:\/\/www.europesays.com\/fr\/wp-json\/wp\/v2\/types\/post"}],"author":[{"embeddable":true,"href":"https:\/\/www.europesays.com\/fr\/wp-json\/wp\/v2\/users\/2"}],"replies":[{"embeddable":true,"href":"https:\/\/www.europesays.com\/fr\/wp-json\/wp\/v2\/comments?post=373949"}],"version-history":[{"count":0,"href":"https:\/\/www.europesays.com\/fr\/wp-json\/wp\/v2\/posts\/373949\/revisions"}],"wp:featuredmedia":[{"embeddable":true,"href":"https:\/\/www.europesays.com\/fr\/wp-json\/wp\/v2\/media\/373950"}],"wp:attachment":[{"href":"https:\/\/www.europesays.com\/fr\/wp-json\/wp\/v2\/media?parent=373949"}],"wp:term":[{"taxonomy":"category","embeddable":true,"href":"https:\/\/www.europesays.com\/fr\/wp-json\/wp\/v2\/categories?post=373949"},{"taxonomy":"post_tag","embeddable":true,"href":"https:\/\/www.europesays.com\/fr\/wp-json\/wp\/v2\/tags?post=373949"}],"curies":[{"name":"wp","href":"https:\/\/api.w.org\/{rel}","templated":true}]}}