{"id":37395,"date":"2025-04-19T21:45:17","date_gmt":"2025-04-19T21:45:17","guid":{"rendered":"https:\/\/www.europesays.com\/fr\/37395\/"},"modified":"2025-04-19T21:45:17","modified_gmt":"2025-04-19T21:45:17","slug":"saito-mallia-a-la-charniere-surprise-au-centre-a-paris-les-compositions","status":"publish","type":"post","link":"https:\/\/www.europesays.com\/fr\/37395\/","title":{"rendered":"Saito-Mallia \u00e0 la charni\u00e8re, surprise au centre \u00e0 Paris&#8230; Les compositions"},"content":{"rendered":"<p>Ce dimanche soir (21h15), le Stade Fran\u00e7ais d\u00e9fie le leader toulousain en Top 14. D\u00e9couvrez les compositions des deux \u00e9quipes.<\/p>\n<p class=\"fig-paragraph\">Le\u00a0<a href=\"http:\/\/www.lefigaro.fr\/sports\/rugby\/top-14\/stade-francais-toulouse-a-quelle-heure-et-sur-quelle-chaine-voir-le-classique-du-top-14-20250414\" data-fig-type=\"NewsFlash\" data-gtm-custom-categorie=\"navigation\" data-gtm-custom-action=\"crossclick\" data-gtm-custom-label=\"Contextuel\" data-gtm-event=\"customEventSPE\" data-fig-domain=\"LEFIGARO\" target=\"_blank\" rel=\"noopener\">Stade Fran\u00e7ais<\/a>\u00a0joue peut-\u00eatre sa saison sur cette rencontre. Ce dimanche soir en Top 14 (21h15), les Parisiens, 12es, d\u00e9fient\u00a0<a href=\"http:\/\/www.lefigaro.fr\/sports\/rugby\/affaire-jaminet-le-stade-toulousain-a-conclu-un-accord-pour-rembourser-son-ex-joueur-20250418\" data-fig-type=\"NewsFlash\" data-gtm-custom-categorie=\"navigation\" data-gtm-custom-action=\"crossclick\" data-gtm-custom-label=\"Contextuel\" data-gtm-event=\"customEventSPE\" data-fig-domain=\"LEFIGARO\" target=\"_blank\" rel=\"noopener\">le leader toulousain<\/a>\u00a0\u00e0 Jean-Bouin. Un match capital dans la lutte pour le maintien. Pour cette rencontre, le staff du Stade Fran\u00e7ais a d\u00e9cid\u00e9 d\u2019aligner une grosse surprise au centre de l\u2019attaque. Lester Etien, habituel ailier, va d\u00e9marrer au poste de premier centre.<\/p>\n<p class=\"fig-paragraph\">Pour le reste, pas ou peu de surprises, avec les pr\u00e9sences de Briatte et Halaifonua autour de Macalou. La charni\u00e8re sera compos\u00e9e de Paul Abadie et Louis Carbonel alors que\u00a0<a href=\"http:\/\/www.lefigaro.fr\/sports\/rugby\/6-nations\/six-nations-les-deux-francais-louis-bielle-biarrey-et-leo-barre-en-lice-pour-le-plus-bel-essai-du-tournoi-20250319\" data-fig-type=\"NewsFlash\" data-gtm-custom-categorie=\"navigation\" data-gtm-custom-action=\"crossclick\" data-gtm-custom-label=\"Contextuel\" data-gtm-event=\"customEventSPE\" data-fig-domain=\"LEFIGARO\" target=\"_blank\" rel=\"noopener\">L\u00e9o Barr\u00e9<\/a>\u00a0sera \u00e0 l\u2019arri\u00e8re.<\/p>\n<p>La composition du Stade Fran\u00e7ais<\/p>\n<p class=\"fig-paragraph\">Barr\u00e9 &#8211; Dakuwaqa, Marchant, Etien, Laloi &#8211; Carbonel, Abadie &#8211; Macalou, Briatte, Halaifonua &#8211; Pesenti &#8211; Gabrillagues &#8211; P. Alo-Emile, Peyresblanques, Abramishvili<\/p>\n<p class=\"fig-paragraph\"><strong>Rempla\u00e7ants <\/strong>: Garcia Albo, M. Alo-Emile, Azagoh, Scelzo, Motassi, Henry, Ezeala, Melikidze.<\/p>\n<p class=\"fig-paragraph\">Forts de leur succ\u00e8s en quart de finale de Champions Cup contre Toulon, les Toulousains, eux, arrivent sans pression et avec une \u00e9quipe largement remani\u00e9e. Aldegheri, Baille, Marchand, Meafou, Flament, Roumat, Ntamack, Ramos ou encore Kinghorn sont au repos. Prime \u00e0 la jeuinesse avec les pr\u00e9sences du pilier droit Hawkes, ou de l\u2019arri\u00e8re Remue.<\/p>\n<p class=\"fig-paragraph\">A la charni\u00e8re, le Japonais Saito sera aux commandes avec l\u2019ouvreur Juan Cruz Mallia. Sur le banc, l\u00e0 encore de la jeunesse avec le talonneur Cramont, le demi de m\u00eal\u00e9e Daroque ou l\u2019ailier Alary.<\/p>\n<p>La composition du Stade Toulousain<\/p>\n<p class=\"fig-paragraph\">Remue &#8211; Delibes, Costes, Chocobares, Lebel &#8211; (o) Mallia, (m) Saito &#8211; Banos, T. Ntamack, Castro Ferreira &#8211; Verg\u00e9, J. Brennan &#8211; Hawkes, Mauvaka, Ainu\u2019u<\/p>\n<p class=\"fig-paragraph\"><strong>Rempla\u00e7ants <\/strong>: Cramont, Reilhes, Arnold, Placines, Daroque, Ep\u00e9e, Alary, Merkler.<\/p>\n","protected":false},"excerpt":{"rendered":"Ce dimanche soir (21h15), le Stade Fran\u00e7ais d\u00e9fie le leader toulousain en Top 14. D\u00e9couvrez les compositions des&hellip;\n","protected":false},"author":2,"featured_media":37396,"comment_status":"","ping_status":"","sticky":false,"template":"","format":"standard","meta":{"footnotes":""},"categories":[1888],"tags":[1111,1928,11,1927,525,4590,1981,2313,814,1777,674,1011,27,955,12,1926,626,1925,4589,2311,25,1980,479,2259,2558,476,478,2310,2312,1088],"class_list":{"0":"post-37395","1":"post","2":"type-post","3":"status-publish","4":"format-standard","5":"has-post-thumbnail","7":"category-paris","8":"tag-actu","9":"tag-actu-paris","10":"tag-actualites","11":"tag-actualites-paris","12":"tag-calendrier","13":"tag-championnat-france","14":"tag-classement","15":"tag-clermont","16":"tag-direct","17":"tag-eu","18":"tag-europe","19":"tag-fr","20":"tag-france","21":"tag-match","22":"tag-news","23":"tag-news-paris","24":"tag-paris","25":"tag-paris-news","26":"tag-phase-finale","27":"tag-racing","28":"tag-republique-francaise","29":"tag-resultats","30":"tag-rugby","31":"tag-score","32":"tag-stade-francais","33":"tag-stade-toulousain","34":"tag-top-14","35":"tag-toulon","36":"tag-toulouse","37":"tag-ugo-mola"},"share_on_mastodon":{"url":"https:\/\/pubeurope.com\/@fr\/114366822717299047","error":""},"_links":{"self":[{"href":"https:\/\/www.europesays.com\/fr\/wp-json\/wp\/v2\/posts\/37395","targetHints":{"allow":["GET"]}}],"collection":[{"href":"https:\/\/www.europesays.com\/fr\/wp-json\/wp\/v2\/posts"}],"about":[{"href":"https:\/\/www.europesays.com\/fr\/wp-json\/wp\/v2\/types\/post"}],"author":[{"embeddable":true,"href":"https:\/\/www.europesays.com\/fr\/wp-json\/wp\/v2\/users\/2"}],"replies":[{"embeddable":true,"href":"https:\/\/www.europesays.com\/fr\/wp-json\/wp\/v2\/comments?post=37395"}],"version-history":[{"count":0,"href":"https:\/\/www.europesays.com\/fr\/wp-json\/wp\/v2\/posts\/37395\/revisions"}],"wp:featuredmedia":[{"embeddable":true,"href":"https:\/\/www.europesays.com\/fr\/wp-json\/wp\/v2\/media\/37396"}],"wp:attachment":[{"href":"https:\/\/www.europesays.com\/fr\/wp-json\/wp\/v2\/media?parent=37395"}],"wp:term":[{"taxonomy":"category","embeddable":true,"href":"https:\/\/www.europesays.com\/fr\/wp-json\/wp\/v2\/categories?post=37395"},{"taxonomy":"post_tag","embeddable":true,"href":"https:\/\/www.europesays.com\/fr\/wp-json\/wp\/v2\/tags?post=37395"}],"curies":[{"name":"wp","href":"https:\/\/api.w.org\/{rel}","templated":true}]}}