{"id":373951,"date":"2025-09-07T22:43:13","date_gmt":"2025-09-07T22:43:13","guid":{"rendered":"https:\/\/www.europesays.com\/fr\/373951\/"},"modified":"2025-09-07T22:43:13","modified_gmt":"2025-09-07T22:43:13","slug":"engagez-vous-avec-medecins-du-monde-a-nancy","status":"publish","type":"post","link":"https:\/\/www.europesays.com\/fr\/373951\/","title":{"rendered":"Engagez-vous avec M\u00e9decins du Monde \u00e0 Nancy !"},"content":{"rendered":"<p>  Vous \u00eates m\u00e9decin, inscrit\u00b7e au Conseil de l\u2019Ordre et avez moins de 75 ans ?<\/p>\n<p>Rejoignez <a href=\"https:\/\/www.facebook.com\/mdm.lorraine\/\" target=\"_blank\" rel=\"noopener\">M\u00e9decins du Monde<\/a> pour une action solidaire, concr\u00e8te et locale : d\u00e9fendre le droit \u00e0 la sant\u00e9 pour tous.<\/p>\n<p>L\u2019association intervient \u00e0 Nancy via son Centre d\u2019Accueil, de Soins et d\u2019Orientation (CASO), en accompagnant des personnes en situation de pr\u00e9carit\u00e9 et confront\u00e9es \u00e0 des difficult\u00e9s d\u2019acc\u00e8s aux soins. Les permanences ont lieu les lundis et mercredis apr\u00e8s-midi, ainsi que le jeudi soir. Des maraudes sont \u00e9galement organis\u00e9es le mercredi soir pour aller \u00e0 la rencontre des personnes vivant \u00e0 la rue.<\/p>\n<p>Au sein d\u2019une \u00e9quipe pluridisciplinaire, les m\u00e9decins b\u00e9n\u00e9voles assurent des consultations de m\u00e9decine g\u00e9n\u00e9rale en bin\u00f4me avec un\u00b7e infirmier\u00b7\u00e8re, avec le soutien d\u2019un travailleur social et, si n\u00e9cessaire, d\u2019un\u00b7e interpr\u00e8te. Ils m\u00e8nent aussi des actions de pr\u00e9vention, de d\u00e9pistage et participent \u00e0 la vie associative et militante de M\u00e9decins du Monde.<\/p>\n<p><strong>Et si vous n\u2019\u00eates pas m\u00e9decin ?<\/strong> Votre engagement est tout aussi pr\u00e9cieux ! Profils d\u2019infirmier\u00b7\u00e8re\u00b7s, accueillant\u00b7e\u00b7s, psychologues, administratifs\u2026 chacun\u00b7e peut agir, \u00e0 sa fa\u00e7on, pour militer en faveur d\u2019un droit fondamental : l\u2019acc\u00e8s \u00e0 la sant\u00e9 pour tous\u00a0!<\/p>\n","protected":false},"excerpt":{"rendered":"Vous \u00eates m\u00e9decin, inscrit\u00b7e au Conseil de l\u2019Ordre et avez moins de 75 ans ? Rejoignez M\u00e9decins du&hellip;\n","protected":false},"author":2,"featured_media":373952,"comment_status":"","ping_status":"","sticky":false,"template":"","format":"standard","meta":{"footnotes":""},"categories":[9635],"tags":[1111,11,7884,1777,674,1011,27,775,1702,12,25],"class_list":{"0":"post-373951","1":"post","2":"type-post","3":"status-publish","4":"format-standard","5":"has-post-thumbnail","7":"category-nancy","8":"tag-actu","9":"tag-actualites","10":"tag-articles-partenaires","11":"tag-eu","12":"tag-europe","13":"tag-fr","14":"tag-france","15":"tag-grand-est","16":"tag-nancy","17":"tag-news","18":"tag-republique-francaise"},"share_on_mastodon":{"url":"https:\/\/pubeurope.com\/@fr\/115165436588904018","error":""},"_links":{"self":[{"href":"https:\/\/www.europesays.com\/fr\/wp-json\/wp\/v2\/posts\/373951","targetHints":{"allow":["GET"]}}],"collection":[{"href":"https:\/\/www.europesays.com\/fr\/wp-json\/wp\/v2\/posts"}],"about":[{"href":"https:\/\/www.europesays.com\/fr\/wp-json\/wp\/v2\/types\/post"}],"author":[{"embeddable":true,"href":"https:\/\/www.europesays.com\/fr\/wp-json\/wp\/v2\/users\/2"}],"replies":[{"embeddable":true,"href":"https:\/\/www.europesays.com\/fr\/wp-json\/wp\/v2\/comments?post=373951"}],"version-history":[{"count":0,"href":"https:\/\/www.europesays.com\/fr\/wp-json\/wp\/v2\/posts\/373951\/revisions"}],"wp:featuredmedia":[{"embeddable":true,"href":"https:\/\/www.europesays.com\/fr\/wp-json\/wp\/v2\/media\/373952"}],"wp:attachment":[{"href":"https:\/\/www.europesays.com\/fr\/wp-json\/wp\/v2\/media?parent=373951"}],"wp:term":[{"taxonomy":"category","embeddable":true,"href":"https:\/\/www.europesays.com\/fr\/wp-json\/wp\/v2\/categories?post=373951"},{"taxonomy":"post_tag","embeddable":true,"href":"https:\/\/www.europesays.com\/fr\/wp-json\/wp\/v2\/tags?post=373951"}],"curies":[{"name":"wp","href":"https:\/\/api.w.org\/{rel}","templated":true}]}}