{"id":373953,"date":"2025-09-07T22:44:10","date_gmt":"2025-09-07T22:44:10","guid":{"rendered":"https:\/\/www.europesays.com\/fr\/373953\/"},"modified":"2025-09-07T22:44:10","modified_gmt":"2025-09-07T22:44:10","slug":"hifiklub-app-memorial-du-debarquement-et-de-la-liberation-en-provence-toulon-20-septembre-2025","status":"publish","type":"post","link":"https:\/\/www.europesays.com\/fr\/373953\/","title":{"rendered":"HIFIKLUB APP M\u00e9morial du D\u00e9barquement et de la Lib\u00e9ration en Provence Toulon 20 septembre 2025"},"content":{"rendered":"\n<p>\t<img loading=\"lazy\" width=\"700\" height=\"525\" src=\"https:\/\/www.europesays.com\/fr\/wp-content\/uploads\/2025\/09\/memorial-du-debarquement-et-de-la-liberation-en-provence-toulon-2025-09-20t120000.jpg\" class=\"attachment-full size-full wp-post-image lazy\" alt=\"HIFIKLUB APP M\u00e9morial du D\u00e9barquement et de la Lib\u00e9ration en Provence Toulon\" decoding=\"async\"  data-\/><br \/>\n\t\t<strong>HIFIKLUB APP M\u00e9morial du D\u00e9barquement et de la Lib\u00e9ration en Provence Toulon samedi 20 septembre 2025.<\/strong> <\/p>\n<p>HIFIKLUB APP 20 et 21 septembre M\u00e9morial du D\u00e9barquement et de la Lib\u00e9ration en Provence Var<\/p>\n<p>Dates et horaires de d\u00e9but et de fin (ann\u00e9e \u2013 mois \u2013 jour \u2013 heure) :<br \/>D\u00e9but : 2025-09-20T12:00:00 \u2013 2025-09-20T18:00:00<br \/>Fin : 2025-09-21T10:00:00 \u2013 2025-09-21T18:00:00<\/p>\n<p>HIFIKLUB APP<\/p>\n<p>En lien avec la pr\u00e9sentation de la vid\u00e9o Echoes Of The Sun et de l\u2019exposition attenante, le groupe toulonnais Hifiklub, pr\u00e9sentera son application HIFIKLUB APP avec des contenus adapt\u00e9s au parcours m\u00e9moriel du m\u00e9morial et de la Seconde Guerre mondiale \u00e0 Toulon.<br \/>Hifiklub app. est une exp\u00e9rience immersive et g\u00e9olocalis\u00e9e \u00e0 vivre en totale autonomie via son smartphone apr\u00e8s avoir scann\u00e9 un QR Code d\u00e9di\u00e9 \u00e0 l\u2019entr\u00e9e d\u2019un espace d\u00e9ter-min\u00e9, aussi bien \u00e0 l\u2019ext\u00e9rieur qu\u2019en int\u00e9rieur. Une fois sollicit\u00e9, l\u2019algorithme s\u2019empare en une fraction de secondes des centaines de fichiers audio pr\u00e9 enregistr\u00e9s par Hifiklub et tous compatibles entre eux selon des r\u00e8gles musicales d\u00e9termin\u00e9es : \u00e0 chacune de ses ouvertures, le logiciel applicatif puise al\u00e9atoirement dans la masse sonore existante un ensemble de th\u00e8mes et d\u2019arrangements pour en extraire une lecture musicale totale-ment in\u00e9dite qui n\u2019a pas vocation \u00e0 \u00eatre re jou\u00e9e un jour, sauf pour l\u2019utilisateur qui sou-haiterait s\u2019emparer de l\u2019option \u00ab envoyer MP3 par mail \u00bb pour en garder une trace de retour chez lui. Cet outil digital reste tr\u00e8s artisanal dans son contenu et ne renvoie nul-lement \u00e0 de l\u2019intelligence artificielle ou de la musique g\u00e9n\u00e9rative. Le contenu reste le savoir-faire m\u00e9lodique et rythmique du groupe toulonnais associ\u00e9 \u00e0 ses invit\u00e9s. L\u2019application web constitue un mode alternatif de diffusion, permettant notamment d\u2019accompagner des balades dans des espaces naturels ou de compl\u00e9ter la programma-tion d\u2019un \u00e9v\u00e8nement culturel. Elle peut m\u00eame s\u2019associer aux id\u00e9es d\u2019un op\u00e9rateur qui inviterait lui-m\u00eame l\u2019artiste de son choix \u00e0 compl\u00e9ter la banque des fichiers audio par de nouvelles lectures ou propositions musicales cibl\u00e9es. Lors de l\u2019exposition, des textes, des t\u00e9moignages en lien avec la Seconde Guerre mondiale \u00e0 Toulon viendront compl\u00e9ter les possibilit\u00e9s et cibl\u00e9s les auditeurs durant leur utilisation de l\u2019application.<\/p>\n<p>M\u00e9morial du D\u00e9barquement et de la Lib\u00e9ration en Provence 8458 Route du Faron, 83200 Toulon, France Toulon 83200 Faron Var Provence-Alpes-C\u00f4te d\u2019Azur +33494880809  https:\/\/montfaron.onacvg.fr     B\u00e2ti au milieu du XIXe si\u00e8cle par le capitaine No\u00ebl, cette tour fut compl\u00e9t\u00e9e par une batterie en 1875. D\u00e9saffect\u00e9e apr\u00e8s le premier conflit mondial, elle sera r\u00e9habilit\u00e9e apr\u00e8s la Seconde Guerre mondiale comme lieu de m\u00e9moire de la lib\u00e9ration de Toulon et d\u00e9sign\u00e9e, en 1963, pour accueillir le M\u00e9morial du D\u00e9barquement de Provence en 1944.<br \/>Lieu d\u2019\u00e9vocation historique, le m\u00e9morial rend hommage aux combattants avec des expositions et un film.<br \/>HIFIKLUB APP  <\/p>\n<p>ONaCVG<\/p>\n","protected":false},"excerpt":{"rendered":"HIFIKLUB APP M\u00e9morial du D\u00e9barquement et de la Lib\u00e9ration en Provence Toulon samedi 20 septembre 2025. HIFIKLUB APP&hellip;\n","protected":false},"author":2,"featured_media":373954,"comment_status":"","ping_status":"","sticky":false,"template":"","format":"standard","meta":{"footnotes":""},"categories":[9619],"tags":[1111,11,1777,674,1011,27,12,882,25,2310],"class_list":{"0":"post-373953","1":"post","2":"type-post","3":"status-publish","4":"format-standard","5":"has-post-thumbnail","7":"category-toulon","8":"tag-actu","9":"tag-actualites","10":"tag-eu","11":"tag-europe","12":"tag-fr","13":"tag-france","14":"tag-news","15":"tag-provence-alpes-cote-dazur","16":"tag-republique-francaise","17":"tag-toulon"},"share_on_mastodon":{"url":"https:\/\/pubeurope.com\/@fr\/115165441196069958","error":""},"_links":{"self":[{"href":"https:\/\/www.europesays.com\/fr\/wp-json\/wp\/v2\/posts\/373953","targetHints":{"allow":["GET"]}}],"collection":[{"href":"https:\/\/www.europesays.com\/fr\/wp-json\/wp\/v2\/posts"}],"about":[{"href":"https:\/\/www.europesays.com\/fr\/wp-json\/wp\/v2\/types\/post"}],"author":[{"embeddable":true,"href":"https:\/\/www.europesays.com\/fr\/wp-json\/wp\/v2\/users\/2"}],"replies":[{"embeddable":true,"href":"https:\/\/www.europesays.com\/fr\/wp-json\/wp\/v2\/comments?post=373953"}],"version-history":[{"count":0,"href":"https:\/\/www.europesays.com\/fr\/wp-json\/wp\/v2\/posts\/373953\/revisions"}],"wp:featuredmedia":[{"embeddable":true,"href":"https:\/\/www.europesays.com\/fr\/wp-json\/wp\/v2\/media\/373954"}],"wp:attachment":[{"href":"https:\/\/www.europesays.com\/fr\/wp-json\/wp\/v2\/media?parent=373953"}],"wp:term":[{"taxonomy":"category","embeddable":true,"href":"https:\/\/www.europesays.com\/fr\/wp-json\/wp\/v2\/categories?post=373953"},{"taxonomy":"post_tag","embeddable":true,"href":"https:\/\/www.europesays.com\/fr\/wp-json\/wp\/v2\/tags?post=373953"}],"curies":[{"name":"wp","href":"https:\/\/api.w.org\/{rel}","templated":true}]}}