{"id":373960,"date":"2025-09-07T22:49:11","date_gmt":"2025-09-07T22:49:11","guid":{"rendered":"https:\/\/www.europesays.com\/fr\/373960\/"},"modified":"2025-09-07T22:49:11","modified_gmt":"2025-09-07T22:49:11","slug":"le-puy-foot-43-vs-rouen","status":"publish","type":"post","link":"https:\/\/www.europesays.com\/fr\/373960\/","title":{"rendered":"Le Puy Foot 43 vs Rouen"},"content":{"rendered":"<p>Rendez-vous vendredi 12 septembre 2025 \u00e0 19h30, au stade Charles Massot au Puy-en-Velay.<\/p>\n<p>Amateurs de football, ne manquez pas le match entre <b>Le Puy Foot 43 et Rouen<\/b> pour cette 6\u00e8me journ\u00e9e de National.<\/p>\n<p>Venez soutenir votre \u00e9quipe pr\u00e9f\u00e9r\u00e9e dans une ambiance \u00e9lectrique et vibrante. Vous pourrez admirer les performances exceptionnelles des joueurs, suivre le jeu en direct et encourager votre \u00e9quipe tout au long de la rencontre.<\/p>\n<p>Rendez-vous vendredi 12 septembre 2025 \u00e0 19h30, au stade Charles Massot au Puy-en-Velay<\/p>\n<p>Infos pratiques :<br \/>&#8211; adresse : 16 place de la Lib\u00e9ration, 43000 Le Puy-en-Velay<br \/>&#8211; tarif adulte : 6 euros <br \/>&#8211; Tarif enfant (- de 12 ans) : 3 euros<br \/>&#8211; Billets en vente uniquement au guichet, \u00e0 l&rsquo;entr\u00e9e du stade, le jour du match<\/p>\n<p>Plus d&rsquo;infos sur le site <a class=\"url\" href=\"https:\/\/lepuyfoot43.fr\/\" target=\"_blank\" rel=\"noopener\">lepuyfoot43.fr<\/a> et la page Facebook <a class=\"url\" href=\"https:\/\/www.facebook.com\/lepuyfoot\/\" target=\"_blank\" rel=\"noopener\">Le Puy Foot<\/a>.<\/p>\n<p>Radio SCOOP 1er supporter du Puy Foot 43<\/p>\n<p><\/p>\n","protected":false},"excerpt":{"rendered":"Rendez-vous vendredi 12 septembre 2025 \u00e0 19h30, au stade Charles Massot au Puy-en-Velay. Amateurs de football, ne manquez&hellip;\n","protected":false},"author":2,"featured_media":373961,"comment_status":"","ping_status":"","sticky":false,"template":"","format":"standard","meta":{"footnotes":""},"categories":[9587],"tags":[21647,1111,11,1777,674,2257,63,1011,27,955,50796,12,5161,50794,25,9590,517,50795],"class_list":{"0":"post-373960","1":"post","2":"type-post","3":"status-publish","4":"format-standard","5":"has-post-thumbnail","7":"category-rouen","8":"tag-quipe","9":"tag-actu","10":"tag-actualites","11":"tag-eu","12":"tag-europe","13":"tag-foot","14":"tag-football","15":"tag-fr","16":"tag-france","17":"tag-match","18":"tag-national-2","19":"tag-news","20":"tag-normandie","21":"tag-puy-foot-43","22":"tag-republique-francaise","23":"tag-rouen","24":"tag-sport","25":"tag-stade-charles-massot"},"share_on_mastodon":{"url":"https:\/\/pubeurope.com\/@fr\/115165460069381292","error":""},"_links":{"self":[{"href":"https:\/\/www.europesays.com\/fr\/wp-json\/wp\/v2\/posts\/373960","targetHints":{"allow":["GET"]}}],"collection":[{"href":"https:\/\/www.europesays.com\/fr\/wp-json\/wp\/v2\/posts"}],"about":[{"href":"https:\/\/www.europesays.com\/fr\/wp-json\/wp\/v2\/types\/post"}],"author":[{"embeddable":true,"href":"https:\/\/www.europesays.com\/fr\/wp-json\/wp\/v2\/users\/2"}],"replies":[{"embeddable":true,"href":"https:\/\/www.europesays.com\/fr\/wp-json\/wp\/v2\/comments?post=373960"}],"version-history":[{"count":0,"href":"https:\/\/www.europesays.com\/fr\/wp-json\/wp\/v2\/posts\/373960\/revisions"}],"wp:featuredmedia":[{"embeddable":true,"href":"https:\/\/www.europesays.com\/fr\/wp-json\/wp\/v2\/media\/373961"}],"wp:attachment":[{"href":"https:\/\/www.europesays.com\/fr\/wp-json\/wp\/v2\/media?parent=373960"}],"wp:term":[{"taxonomy":"category","embeddable":true,"href":"https:\/\/www.europesays.com\/fr\/wp-json\/wp\/v2\/categories?post=373960"},{"taxonomy":"post_tag","embeddable":true,"href":"https:\/\/www.europesays.com\/fr\/wp-json\/wp\/v2\/tags?post=373960"}],"curies":[{"name":"wp","href":"https:\/\/api.w.org\/{rel}","templated":true}]}}