{"id":373964,"date":"2025-09-07T22:54:38","date_gmt":"2025-09-07T22:54:38","guid":{"rendered":"https:\/\/www.europesays.com\/fr\/373964\/"},"modified":"2025-09-07T22:54:38","modified_gmt":"2025-09-07T22:54:38","slug":"plus-de-700-motards-roulent-pour-les-restos-du-coeur","status":"publish","type":"post","link":"https:\/\/www.europesays.com\/fr\/373964\/","title":{"rendered":"plus de 700 motards roulent pour les Restos du C\u0153ur"},"content":{"rendered":"<p>            Par<br \/>\n        <strong><br \/>\n            <a href=\"https:\/\/actu.fr\/auteur\/remi-charrondiere\" title=\"Consulter tous les articles de R\u00e9mi Charrondi\u00e8re\" target=\"_blank\" rel=\"noopener\">R\u00e9mi Charrondi\u00e8re<\/a><br \/>\n        <\/strong><\/p>\n<p>        Publi\u00e9 le<\/p>\n<p>            7 sept. 2025 \u00e0 17h27        <\/p>\n<p>Les <b>moteurs <\/b>ont ronfl\u00e9 \u00e0 <a href=\"https:\/\/actu.fr\/bretagne\/fougeres_35115\/\" target=\"_blank\" rel=\"noopener\">Foug\u00e8res<\/a> (Ille-et-Vilaine) en ce <b>dimanche <\/b>7\u00a0septembre. L\u2019association <b>Les Motards ont du C\u0153ur<\/b> organisait sa <a href=\"https:\/\/actu.fr\/bretagne\/fougeres_35115\/ille-et-vilaine-une-balade-a-moto-au-profit-des-restos-du-coeur_63033684.html\" target=\"_blank\" rel=\"noopener\"><b>30e balade solidaire<\/b> \u00e0 travers l\u2019Ille-et-Vilaine<\/a>, au profit des <b>Restos du C\u0153ur<\/b>.<\/p>\n<p class=\" wall-content\">Plus de <b>700\u00a0participants<\/b>, selon les premi\u00e8res <b>estimations<\/b>, ont r\u00e9pondu \u00e0 <b>l\u2019appel <\/b>et ont pris le d\u00e9part \u00e0 <b>Cesson-S\u00e9vign\u00e9<\/b>, \u00e0 14\u00a0heures. Sur place, un <b>grand village moto<\/b> les accueillait avec <b>25 stands<\/b> de concessionnaires, <b>\u00e9quipementiers<\/b>, tatoueurs, barbiers ou encore <b>masseurs<\/b>. Des <b>initiations <\/b>de <b>danse <\/b>country, de salsa, de bachata, mais aussi des <b>essais <\/b>de motos 125\u00a0cm3 et de <b>gyropodes <\/b>leur \u00e9taient propos\u00e9es.<\/p>\n<p class=\" wall-content\">\u00ab\u2009Nous y avons <b>vendu <\/b>et servi plus de <b>800 repas<\/b>\u2009\u00bb, se r\u00e9jouit Thierry Le Nevez, pr\u00e9sident de l\u2019association.<\/p>\n<p>    <img   decoding=\"async\" loading=\"lazy\" class=\"size-large\" src=\"https:\/\/www.europesays.com\/fr\/wp-content\/uploads\/2025\/09\/9bb459f2adb8620c459f2adb864c45v-960x640.jpg\" alt=\"les motards ont du c\u0153ur 35 ille et vilaine restos du c\u0153ur moto dimanche 7 septembre 2025 foug\u00e8res\" width=\"960\" height=\"640\"\/><br \/>\n    Plus de 700 motards ont particip\u00e9 \u00e0 cette trenti\u00e8me \u00e9dition, selon les premi\u00e8res estimations. \u00a9R\u00e9mi Charrondi\u00e8re \/ La Chronique r\u00e9publicaineUne halte \u00e0 Foug\u00e8res<\/p>\n<p class=\" wall-content\">Une fois parti, le <b>cort\u00e8ge<\/b>, divis\u00e9 en deux groupes, a pris la <b>direction <\/b>de Foug\u00e8res o\u00f9 il a marqu\u00e9 une <b>halte <\/b>au parking du <b>Jardin des f\u00eates<\/b>, pr\u00e9alablement \u00e9vacu\u00e9 par les forains, vers <b>15\u2009h\u200915<\/b>. Quelques dizaines de <b>curieux <\/b>les attendaient et \u00e9taient venues <b>admirer <\/b>les belles m\u00e9caniques.<\/p>\n<p>    <img   decoding=\"async\" loading=\"lazy\" class=\"size-large\" src=\"https:\/\/www.europesays.com\/fr\/wp-content\/uploads\/2025\/09\/e2351af2adb86d6351af2adb8ca351v-960x640.jpg\" alt=\"les motards ont du c\u0153ur 35 ille et vilaine restos du c\u0153ur moto dimanche 7 septembre 2025 foug\u00e8res thierry le nevez\" width=\"960\" height=\"640\"\/><br \/>\n    Thierry Le Nevez, pr\u00e9sident de l\u2019association Les Motards ont du C\u0153ur 35. \u00a9R\u00e9mi Charrondi\u00e8re \/ La Chronique r\u00e9publicaine<\/p>\n<p class=\" wall-content\">Une heure plus tard, les <b>motards<\/b> ont repris la route de <b>Cesson<\/b>, toujours escort\u00e9s par un <b>impressionnant <\/b>dispositif de <b>s\u00e9curit\u00e9<\/b>. \u00ab\u2009Nous avons une <b>centaine <\/b>de motos s\u00e9cu, avec <b>quatre douaniers <\/b>qui nous accompagnent en uniforme pour g\u00e9rer les <b>carrefours <\/b>dangereux\u2009\u00bb, souligne le pr\u00e9sident de l\u2019association.<\/p>\n<p>\u00ab\u2009Les besoins sont toujours l\u00e0\u2009\u00bb<\/p>\n<p class=\" wall-content\">Cette <b>trenti\u00e8me <\/b>\u00e9dition, qui se double du quaranti\u00e8me <b>anniversaire <\/b>des Restos du C\u0153ur, s\u2019annonce comme une <b>r\u00e9ussite<\/b>. \u00ab\u2009On est toujours tr\u00e8s <b>contents <\/b>et l\u2019organisation est encore une fois <b>au top<\/b>\u2009\u00bb, salue Thierry Le Nevez.<\/p>\n<p>Votre r\u00e9gion, votre actu !<\/p>\n<p>Recevez chaque jour les infos qui comptent pour vous.<\/p>\n<p>\t<a href=\"https:\/\/actu.fr\/newsletter\" class=\"ac-btn ac-btn--corner ac-btn--medium ac-btn--blue800\" target=\"_blank\" rel=\"noopener\">S&rsquo;incrire<\/a><\/p>\n<p class=\" wall-content\"><b>Annonc\u00e9e <\/b>ces derniers jours, la pr\u00e9sence de <b>Romain Colucci<\/b>, fils de Coluche, n\u2019a finalement pas \u00e9t\u00e9 <b>possible<\/b>, ce dernier \u00e9tant victime d\u2019un <b>lumbago<\/b>.<\/p>\n<p class=\" wall-content\"><b>L\u2019argent <\/b>r\u00e9colt\u00e9, dont le montant final n\u2019est pas encore \u00e9tabli, sera <b>revers\u00e9 <\/b>\u00e0 la f\u00e9d\u00e9ration d\u00e9partementale des Restos du C\u0153ur. \u00ab\u2009C\u2019est quelque chose de <b>positif <\/b>car les <b>besoins <\/b>sont toujours l\u00e0. Nous recevons environ <b>250 \u00e0 280\u00a0familles<\/b> chaque semaine \u00e0 Foug\u00e8res\u2009\u00bb, fait valoir le <b>responsable <\/b>de l\u2019antenne locale.<\/p>\n<p>    <img   decoding=\"async\" loading=\"lazy\" class=\"size-large\" src=\"https:\/\/www.europesays.com\/fr\/wp-content\/uploads\/2025\/09\/61b32af2adb8665b32af2adb889b32v-960x640.jpg\" alt=\"les motards ont du c\u0153ur 35 ille et vilaine restos du c\u0153ur moto dimanche 7 septembre 2025 foug\u00e8res\" width=\"960\" height=\"640\"\/><br \/>\n    \u00c0 l\u2019arriv\u00e9e \u00e0 Foug\u00e8res, une collation attendait les pilotes avant de reprendre la route de Cesson. \u00a9R\u00e9mi Charrondi\u00e8re \/ La Chronique r\u00e9publicaine<\/p>\n<p class=\" wall-content\">C\u00f4t\u00e9 <b>mairie<\/b>, la balade a \u00e9t\u00e9 accueillie par <b>Christophe Hardy<\/b>, adjoint aux sports et <a href=\"https:\/\/actu.fr\/bretagne\/fougeres_35115\/fougeres-on-connait-les-deux-candidats-a-la-succession-de-louis-feuvrier-et-cest-surprenant_62716670.html\" target=\"_blank\" rel=\"noopener\">candidat aux \u00e9lections municipales<\/a>, ainsi que par <b>Jean-Christian Bourcier<\/b>, adjoint en charge de la <b>s\u00e9curit\u00e9<\/b>. Ce dernier tient d\u2019ailleurs \u00e0 \u00ab<b>\u2009remercier <\/b>les forains \u00e0 qui nous avons d\u00fb refuser un <b>stationnement <\/b>exceptionnel et qui, dans la pleine connaissance de la <b>manifestation<\/b> organis\u00e9e et par <b>respect <\/b>des Restos du C\u0153ur, ont jou\u00e9 le jeu et <b>vid\u00e9 le secteur<\/b>\u2009\u00bb.<\/p>\n<p>En vid\u00e9o<\/p>\n<p class=\" wall-content\">Si la vid\u00e9o ne s\u2019affiche pas ci-dessous, <a href=\"https:\/\/dai.ly\/x9q59pg\" target=\"_blank\" rel=\"noopener\">cliquez ici<\/a>.<\/p>\n<p class=\" wall-content\">Personnalisez votre actualit\u00e9 en ajoutant vos villes et m\u00e9dias en favori avec <a href=\"https:\/\/moncompte.actu.fr\" title=\"D\u00e9couvez Mon Actu\" rel=\"nofollow noopener\" data-trk=\"{&quot;cta&quot;:{&quot;action&quot;:&quot;https:\\\/\\\/moncompte.actu.fr&quot;,&quot;category&quot;:&quot;mon compte&quot;,&quot;from&quot;:&quot;article footer&quot;,&quot;name&quot;:&quot;Mon actu&quot;,&quot;type&quot;:&quot;cta&quot;}}\" target=\"_blank\">Mon Actu<\/a>.<\/p>\n","protected":false},"excerpt":{"rendered":"Par R\u00e9mi Charrondi\u00e8re Publi\u00e9 le 7 sept. 2025 \u00e0 17h27 Les moteurs ont ronfl\u00e9 \u00e0 Foug\u00e8res (Ille-et-Vilaine) en&hellip;\n","protected":false},"author":2,"featured_media":373965,"comment_status":"","ping_status":"","sticky":false,"template":"","format":"standard","meta":{"footnotes":""},"categories":[2821],"tags":[1111,11,829,1777,674,1011,27,1457,12,584,25,15710,104,3400],"class_list":{"0":"post-373964","1":"post","2":"type-post","3":"status-publish","4":"format-standard","5":"has-post-thumbnail","7":"category-rennes","8":"tag-actu","9":"tag-actualites","10":"tag-bretagne","11":"tag-eu","12":"tag-europe","13":"tag-fr","14":"tag-france","15":"tag-moto","16":"tag-news","17":"tag-rennes","18":"tag-republique-francaise","19":"tag-restos-du-coeur","20":"tag-societe","21":"tag-solidarite"},"share_on_mastodon":{"url":"https:\/\/pubeurope.com\/@fr\/115165480151911545","error":""},"_links":{"self":[{"href":"https:\/\/www.europesays.com\/fr\/wp-json\/wp\/v2\/posts\/373964","targetHints":{"allow":["GET"]}}],"collection":[{"href":"https:\/\/www.europesays.com\/fr\/wp-json\/wp\/v2\/posts"}],"about":[{"href":"https:\/\/www.europesays.com\/fr\/wp-json\/wp\/v2\/types\/post"}],"author":[{"embeddable":true,"href":"https:\/\/www.europesays.com\/fr\/wp-json\/wp\/v2\/users\/2"}],"replies":[{"embeddable":true,"href":"https:\/\/www.europesays.com\/fr\/wp-json\/wp\/v2\/comments?post=373964"}],"version-history":[{"count":0,"href":"https:\/\/www.europesays.com\/fr\/wp-json\/wp\/v2\/posts\/373964\/revisions"}],"wp:featuredmedia":[{"embeddable":true,"href":"https:\/\/www.europesays.com\/fr\/wp-json\/wp\/v2\/media\/373965"}],"wp:attachment":[{"href":"https:\/\/www.europesays.com\/fr\/wp-json\/wp\/v2\/media?parent=373964"}],"wp:term":[{"taxonomy":"category","embeddable":true,"href":"https:\/\/www.europesays.com\/fr\/wp-json\/wp\/v2\/categories?post=373964"},{"taxonomy":"post_tag","embeddable":true,"href":"https:\/\/www.europesays.com\/fr\/wp-json\/wp\/v2\/tags?post=373964"}],"curies":[{"name":"wp","href":"https:\/\/api.w.org\/{rel}","templated":true}]}}