{"id":373968,"date":"2025-09-07T22:56:21","date_gmt":"2025-09-07T22:56:21","guid":{"rendered":"https:\/\/www.europesays.com\/fr\/373968\/"},"modified":"2025-09-07T22:56:21","modified_gmt":"2025-09-07T22:56:21","slug":"a-strasbourg-la-carte-culture-fait-sa-rentree-avec-3-evenements-gratuits","status":"publish","type":"post","link":"https:\/\/www.europesays.com\/fr\/373968\/","title":{"rendered":"\u00e0 Strasbourg, la Carte Culture fait sa rentr\u00e9e avec 3 \u00e9v\u00e8nements gratuits !"},"content":{"rendered":"<p><b>Alerte bon plan ! Tu \u00e9tudies \u00e0 Strasbourg ou en Alsace ? Si oui : connais-tu le dispositif Carte Culture ? Avec des tarifs avantageux aupr\u00e8s d\u2019une centaine de structures culturelles et des \u00e9v\u00e9nements gratuits tout au long de la saison (et d\u00e8s ce mois-ci), c\u2019est un laissez-passer qu\u2019il faut apprendre \u00e0 utiliser d\u00e8s la rentr\u00e9e ! Suis le guide : c\u2019est aussi simple que rapide.<\/b><\/p>\n<p>Si l\u2019on devait r\u00e9sumer, <b>la Carte Culture, c\u2019est ton s\u00e9same pour une culture \u00e0 prix mini<\/b>. Un dispositif mis en place <b>depuis plus de 30 ans <\/b>et qui a b\u00e9n\u00e9fici\u00e9 \u00e0 nombre d\u2019\u00e9tudiant(e)s avant toi\u2026 L\u2019id\u00e9e\u00a0: rendre la culture accessible au plus grand nombre. Et d\u00e9sormais, c\u2019est \u00e0 ton tour d\u2019en profiter.<\/p>\n<p>    <img width=\"471\" height=\"471\" src=\"https:\/\/www.europesays.com\/fr\/wp-content\/uploads\/2025\/09\/carte-culture.jpg\" class=\"attachment-image-size-M size-image-size-M\" alt=\"carte culture\" decoding=\"async\" loading=\"lazy\"  \/>         \u00a9 Agence Ben&amp;Jo \/ Document remis <\/p>\n<p>Le B.A-BA de la Carte Culture<br \/>\n\u00c9tape 1\u00a0: obtenir son s\u00e9same<\/p>\n<p>Et en pratique, \u00e7a donne quoi\u00a0? D\u00e9j\u00e0\u00a0: <b>qui y a droit\u00a0? Tout(e)s les \u00e9tudiant(e)s d\u2019Alsace <\/b>(via les Universit\u00e9s de Strasbourg et de Haute-Alsace).<\/p>\n<p><b>Comment l\u2019obtenir\u00a0? Si tu es \u00e0 la fac\u00a0: tu l\u2019as d\u00e9j\u00e0\u00a0!<\/b> Une fois acquitt\u00e9 \u00e0 la rentr\u00e9e de tes frais de scolarit\u00e9, ou exon\u00e9r\u00e9(e) de la CVEC (Contribution de vie \u00e9tudiante et de campus), c\u2019est <b>le sticker \u00ab\u00a02025-26\u00a0\u00bb<\/b> qui a \u00e9t\u00e9 coll\u00e9 sur ton Pass Campus.<\/p>\n<p>Et si tu es <b>dans un \u00e9tablissement post-bac<\/b> conventionn\u00e9 Carte Culture\u00a0: <b>rapproche-toi de ta scolarit\u00e9<\/b> afin d\u2019obtenir ledit sticker pour l\u2019ann\u00e9e 2025-26.<\/p>\n<p>    <img width=\"400\" height=\"600\" src=\"https:\/\/www.europesays.com\/fr\/wp-content\/uploads\/2025\/08\/2024-09-19-w-i-teona-goreci-24-400x600.jpg\" class=\"attachment-image-size-M size-image-size-M\" alt=\"Atelier carte culture concert orchestre philharmonique OPS\" decoding=\"async\" loading=\"lazy\"  \/>         Concert offert de l&rsquo;Orchestre philharmonique de Strasbourg au Palais Universitaire \u00a9 Teona Goreci \/ Document remis <\/p>\n<p>\u00c9tape 2\u00a0: en profiter<\/p>\n<p>Maintenant que tu l\u2019as\u00a0: le monde culturel alsacien s\u2019ouvre \u00e0 toi. Le dispositif Carte Culture te permettra de b\u00e9n\u00e9ficier de <b>tarifs avantageux dans plus de 90 structures culturelles <\/b>partenaires, dans <b>toute l\u2019Alsace<\/b> (Haut-Rhin et Bas-Rhin).<\/p>\n<p>                <img width=\"750\" height=\"500\" src=\"https:\/\/www.europesays.com\/fr\/wp-content\/uploads\/2025\/09\/2024-09-26-w-teona-goreci-2-750x500.jpg\" class=\"attachment-gallery size-gallery\" alt=\"Atelier carte culture\" data-full-url=\"https:\/\/pokaa.fr\/wp-content\/uploads\/2025\/02\/28\/2024-09-26-w-teona-goreci-2.jpg\" decoding=\"async\" loading=\"lazy\"  \/>            <\/p>\n<p>                <img width=\"750\" height=\"500\" src=\"https:\/\/www.europesays.com\/fr\/wp-content\/uploads\/2025\/09\/2024-09-26-w-teona-goreci-3-750x500.jpg\" class=\"attachment-gallery size-gallery\" alt=\"Atelier carte culture\" data-full-url=\"https:\/\/pokaa.fr\/wp-content\/uploads\/2025\/02\/28\/2024-09-26-w-teona-goreci-3.jpg\" decoding=\"async\" loading=\"lazy\"  \/>            <\/p>\n<p>                <img width=\"750\" height=\"500\" src=\"https:\/\/www.europesays.com\/fr\/wp-content\/uploads\/2025\/09\/2024-09-26-w-teona-goreci-32-750x500.jpg\" class=\"attachment-gallery size-gallery\" alt=\"Atelier danse carte culture\" data-full-url=\"https:\/\/pokaa.fr\/wp-content\/uploads\/2025\/02\/28\/2024-09-26-w-teona-goreci-32.jpg\" decoding=\"async\" loading=\"lazy\"  \/>            <\/p>\n<p>                    Ateliers Carte Culture \u00a9 Teona Goreci \/ Documents remis<\/p>\n<p>Dans les faits\u00a0? Une <b>entr\u00e9e libre dans les 26 mus\u00e9es partenaires<\/b>, des <b>s\u00e9ances de cin\u00e9 \u00e0 petits prix<\/b> (entre 3 et 5\u20ac, selon la salle ou la s\u00e9ance), et des <b>spectacles, concerts et festivals \u00e0 6\u20ac <\/b>aupr\u00e8s d\u2019une quarantaine de salles et festivals\u2026 Ainsi qu\u2019<b>une programmation offerte par le dispositif Carte Culture<\/b>, chaque ann\u00e9e, avec de nombreux \u00e9v\u00e9nements (spectacles, concerts, visites, etc.).<\/p>\n<p>Autre bonus\u00a0: <b>des ateliers gratuits<\/b>, pour permettre \u00e0 tous et toutes de d\u00e9couvrir une pratique culturelle ou artistique (sur inscription).<\/p>\n<p>Ta rentr\u00e9e en 3 \u00e9v\u00e9nements gratuits<\/p>\n<p>Comme on te l\u2019\u00e9crivait plus haut\u00a0: le dispositif Carte Culture, ce sont aussi<b> des \u00e9v\u00e9nements gratuits, offerts aux \u00e9tudiant(e)s<\/b>\u00a0!<\/p>\n<p>On commence par <b><a href=\"https:\/\/lapokop.fr\/agenda\/craftculture\" target=\"_blank\" rel=\"noopener\">Craft Culture, le samedi 13 septembre<\/a><\/b>(de 15h30 \u00e0 22h45) <b>\u00e0 La Pokop<\/b>.\u00a0<b>Un \u00e9v\u00e9nement festif et participatif <\/b>con\u00e7u <b>par et pour les \u00e9tudiant(e)s <\/b>(avec le Master 2 Arts de la sc\u00e8ne et du spectacle vivant, \u00ab\u00a0M\u00e9diation culturelle en territoire et relations aux publics\u00a0\u00bb).<\/p>\n<p>Au programme\u00a0? Des activit\u00e9s originales\u00a0! On notera les <b>ateliers<\/b> pour cr\u00e9er son calendrier culturel, des <b>performances drag avec Frankie Kekshoz <\/b>, ainsi qu\u2019<b>une table ronde<\/b> (autour de l\u2019acc\u00e8s \u00e0 la culture), et pour se r\u00e9unir tous et toutes sur le dancefloor\u00a0: <b>un DJ set <\/b>(en collab\u2019 avec le collectif Grandhotellove).<\/p>\n<p>    <img width=\"800\" height=\"534\" src=\"https:\/\/www.europesays.com\/fr\/wp-content\/uploads\/2025\/09\/ok-ops-teonagoreci-44-scaled-e1666624011167-800x534.jpg\" class=\"attachment-image-size-L size-image-size-L\" alt=\"OPS + orchestre philharmonique de Strasbourg\" decoding=\"async\" loading=\"lazy\"  \/>         \u00a9 Teona Goreci \/ Document remis <\/p>\n<p>On change de r\u00e9pertoire avec<b> le concert annuel de l\u2019Orchestre philharmonique de Strasbourg<\/b>. Comme \u00e0 chaque rentr\u00e9e, ses musicien(ne)s \u2013 dirig\u00e9(e)s par la cheffe Ana Maria Patino \u2013 feront vibrer les \u00e9tudiant(e)s <b>dans la prestigieuse Aula du Palais Universitaire<\/b>.<\/p>\n<p>Pour les accompagner\u00a0? Un invit\u00e9 d\u2019exception\u00a0: <b>Alexandre Kantorow, pianiste de renomm\u00e9e internationale<\/b>, distingu\u00e9 par de nombreux prix et qui s\u2019est illustr\u00e9 par sa participation \u00e0 la<b> c\u00e9r\u00e9monie d\u2019ouverture des Jeux Olympiques de Paris 2024<\/b>.<\/p>\n<\/p>\n<p>Cette ann\u00e9e, le rendez-vous est pris <b>le vendredi 26 septembre <\/b>(\u00e0 20h30), avec <b>Schubert, Prokofiev et Beethoven<\/b>, pour une soir\u00e9e magistralement orchestr\u00e9e\u2026 Aux airs de l\u2019Ouverture de Rosamunde du premier, en passant par le Concerto pour piano n\u00b03 en do majeur du second, jusqu\u2019\u00e0 la Symphonie n\u00b02 en r\u00e9 majeur du troisi\u00e8me. <a href=\"https:\/\/my.weezevent.com\/concert-a-luniversite-2025\" target=\"_blank\" rel=\"noopener\">[Inscriptions obligatoires, par ici]<\/a><\/p>\n<p>    <img width=\"800\" height=\"534\" src=\"https:\/\/www.europesays.com\/fr\/wp-content\/uploads\/2025\/09\/ok-ops-teonagoreci-46-scaled-e1666624043341-800x534.jpg\" class=\"attachment-image-size-L size-image-size-L\" alt=\"OPS + orchestre philharmonique de Strasbourg\" decoding=\"async\" loading=\"lazy\"  \/>         Concert offert de l&rsquo;Orchestre philharmonique de Strasbourg au Palais Universitaire \u00a9 Teona Goreci \/ Document remis <\/p>\n<p>Et enfin\u00a0: <b>la Guinguette culturelle<\/b>, le pendant \u00e9tudiant de <a href=\"https:\/\/pokaa.fr\/2025\/09\/02\/spectacles-et-ateliers-gratuits-ce-samedi-ca-va-bouger-a-la-cathedrale-de-strasbourg\/\" target=\"_blank\" rel=\"noopener\">StrasCulture<\/a>. <b>Un village culturel \u00e9ph\u00e9m\u00e8re <\/b>install\u00e9 le jeudi 2 octobre (d\u00e8s 18h30) \u00e0 The People, \u00e0 la Manufacture des Tabacs (bar et restauration sur place).<\/p>\n<p>Il accueillera les structures de Strasbourg (et alentours), pour des temps d\u2019\u00e9change avec elles<b> sur leurs spectacles, concerts et expos<\/b> propos\u00e9s cette saison, dans une ambiance d\u00e9tendue et festive avec <b>un DJ set<\/b>\u2026 Et <b>une roue de la chance<\/b>, pour tenter de remporter des billets de spectacles ou des goodies ! [Inscription conseill\u00e9e par ici] my.weezevent.com\/guinguette-culturelle-4<\/p>\n<p>                <img width=\"750\" height=\"500\" src=\"https:\/\/www.europesays.com\/fr\/wp-content\/uploads\/2025\/08\/ok190926-guinguette_culturelle_070_web.jpg\" class=\"attachment-gallery size-gallery\" alt=\"guinguette culturelle + carte culture + universit\u00e9\" data-full-url=\"https:\/\/www.europesays.com\/fr\/wp-content\/uploads\/2025\/08\/ok190926-guinguette_culturelle_070_web.jpg\" decoding=\"async\" loading=\"lazy\"  \/>            <\/p>\n<p>                <img width=\"750\" height=\"500\" src=\"https:\/\/www.europesays.com\/fr\/wp-content\/uploads\/2025\/08\/ok190926-guinguette_culturelle_067_web.jpg\" class=\"attachment-gallery size-gallery\" alt=\"guinguette culturelle + carte culture + universit\u00e9\" data-full-url=\"https:\/\/www.europesays.com\/fr\/wp-content\/uploads\/2025\/08\/ok190926-guinguette_culturelle_067_web.jpg\" decoding=\"async\" loading=\"lazy\"  \/>            <\/p>\n<p>                    Guinguette culturelle, 1\u00e8re \u00e9dition \u00a9 Maxime Faury \/ Documents remis<\/p>\n<p>    <img width=\"800\" height=\"533\" src=\"https:\/\/www.europesays.com\/fr\/wp-content\/uploads\/2025\/09\/guinguetteculturelle-webteona-goreci-800x533.jpg\" class=\"attachment-image-size-L size-image-size-L\" alt=\"GuinguetteCulturelle- web\u00a9Teona Goreci carte culture\" decoding=\"async\" loading=\"lazy\"  \/>         Guinguette culturelle \u00e0 The People \u00a9 Teona Goreci \/ Document remis <\/p>\n<p>            Carte Culture 2025<\/p>\n<p>            Quoi ? <\/p>\n<p>R\u00e9ductions et gratuit\u00e9 sur l\u2019offre culturelle, et \u00e9v\u00e9nements offerts<\/p>\n<p>                Quand ?<\/p>\n<p>Toute l\u2019ann\u00e9e universitaire<\/p>\n<p>            o\u00f9 ?<\/p>\n<p>\u00c0 Strasbourg et en Alsace, dans plus de 90 structures culturelles partenaires<\/p>\n<p>                Plus d&rsquo;infos ?<\/p>\n<p><a href=\"https:\/\/carte-culture.org\/\" target=\"_blank\" rel=\"noopener\">Le site internet<\/a><\/p>\n","protected":false},"excerpt":{"rendered":"Alerte bon plan ! Tu \u00e9tudies \u00e0 Strasbourg ou en Alsace ? Si oui : connais-tu le dispositif&hellip;\n","protected":false},"author":2,"featured_media":373969,"comment_status":"","ping_status":"","sticky":false,"template":"","format":"standard","meta":{"footnotes":""},"categories":[2820],"tags":[1111,11,50797,1697,251,4081,1777,674,1011,27,775,326,12,28313,25,3140,640,50798,30161],"class_list":{"0":"post-373968","1":"post","2":"type-post","3":"status-publish","4":"format-standard","5":"has-post-thumbnail","7":"category-strasbourg","8":"tag-actu","9":"tag-actualites","10":"tag-carte-culture","11":"tag-concert","12":"tag-culture","13":"tag-etudiant","14":"tag-eu","15":"tag-europe","16":"tag-fr","17":"tag-france","18":"tag-grand-est","19":"tag-gratuit","20":"tag-news","21":"tag-rentree","22":"tag-republique-francaise","23":"tag-spectacle","24":"tag-strasbourg","25":"tag-universite-de-haute-alsace","26":"tag-universite-de-strasbourg"},"share_on_mastodon":{"url":"https:\/\/pubeurope.com\/@fr\/115165488064207032","error":""},"_links":{"self":[{"href":"https:\/\/www.europesays.com\/fr\/wp-json\/wp\/v2\/posts\/373968","targetHints":{"allow":["GET"]}}],"collection":[{"href":"https:\/\/www.europesays.com\/fr\/wp-json\/wp\/v2\/posts"}],"about":[{"href":"https:\/\/www.europesays.com\/fr\/wp-json\/wp\/v2\/types\/post"}],"author":[{"embeddable":true,"href":"https:\/\/www.europesays.com\/fr\/wp-json\/wp\/v2\/users\/2"}],"replies":[{"embeddable":true,"href":"https:\/\/www.europesays.com\/fr\/wp-json\/wp\/v2\/comments?post=373968"}],"version-history":[{"count":0,"href":"https:\/\/www.europesays.com\/fr\/wp-json\/wp\/v2\/posts\/373968\/revisions"}],"wp:featuredmedia":[{"embeddable":true,"href":"https:\/\/www.europesays.com\/fr\/wp-json\/wp\/v2\/media\/373969"}],"wp:attachment":[{"href":"https:\/\/www.europesays.com\/fr\/wp-json\/wp\/v2\/media?parent=373968"}],"wp:term":[{"taxonomy":"category","embeddable":true,"href":"https:\/\/www.europesays.com\/fr\/wp-json\/wp\/v2\/categories?post=373968"},{"taxonomy":"post_tag","embeddable":true,"href":"https:\/\/www.europesays.com\/fr\/wp-json\/wp\/v2\/tags?post=373968"}],"curies":[{"name":"wp","href":"https:\/\/api.w.org\/{rel}","templated":true}]}}