{"id":373972,"date":"2025-09-07T22:58:25","date_gmt":"2025-09-07T22:58:25","guid":{"rendered":"https:\/\/www.europesays.com\/fr\/373972\/"},"modified":"2025-09-07T22:58:25","modified_gmt":"2025-09-07T22:58:25","slug":"concert-gratuit-du-big-band-inter-directions-de-la-ville","status":"publish","type":"post","link":"https:\/\/www.europesays.com\/fr\/373972\/","title":{"rendered":"Concert gratuit du Big Band inter-directions de la Ville\u00a0(\u2026)"},"content":{"rendered":"<p>Dans le cadre du Carnaval de Nice \u00ab\u00a0Roi des Animaux\u00a0\u00bb, le Big Band inter-directions de la Ville de Nice donnera un concert gratuit le vendredi 25 f\u00e9vrier 2022 \u00e0 20 heures \u00e0 l\u2019Op\u00e9ra Nice C\u00f4te d\u2019Azur.<\/p>\n<p>Pour la premi\u00e8re fois r\u00e9unis sur sc\u00e8ne, des musiciens issus de diff\u00e9rents services de la Ville de Nice vont vous faire revivre l\u2019\u00e9motion du premier festival du jazz organis\u00e9 en 1948 \u00e0 l\u2019occasion du Carnaval. Les musiciens de l\u2019Orchestre Philharmonique de l\u2019Op\u00e9ra Nice C\u00f4te d\u2019Azur et du Conservatoire de Nice ont r\u00e9pondu pr\u00e9sent \u00e0 l\u2019invitation de la Musique de la Garde Municipale pour former cet orchestre in\u00e9dit.<\/p>\n<p>Au programme\u00a0: dans la pure tradition des mythiques orchestres de Glenn Miller et Duke Ellington, du swing mais \u00e9galement du latin jazz, du funk, du tango et bien d\u2019autres surprises\u00a0! Un concert \u00e0 ne pas manquer.<\/p>\n<p>Concert gratuit sur r\u00e9servation obligatoire\u00a0: <a href=\"https:\/\/www.artcotedazur.fr\/cdn-cgi\/l\/email-protection\" class=\"__cf_email__\" data-cfemail=\"bacac8d5ced5d9d5d6dffaccd3d6d6df97d4d3d9df94dcc8\" rel=\"nofollow noopener\" target=\"_blank\">[email\u00a0protected]<\/a><\/p>\n<p>Placement libre, ouverture des portes \u00e0 19h.<br class=\"autobr\"\/><br \/>\nPort du masque et pass vaccinal obligatoires, respect des gestes barri\u00e8res.<br class=\"autobr\"\/><br \/>\nPour tout renseignement\u00a0: 06 71 02 44 23 \/ <a href=\"https:\/\/www.artcotedazur.fr\/cdn-cgi\/l\/email-protection\" class=\"__cf_email__\" data-cfemail=\"87f5e8eae6eee9a9eaf2f4f4e6f2ebf3c7f1eeebebe2aae9eee4e2a9e1f5\" rel=\"nofollow noopener\" target=\"_blank\">[email\u00a0protected]<\/a><\/p>\n","protected":false},"excerpt":{"rendered":"Dans le cadre du Carnaval de Nice \u00ab\u00a0Roi des Animaux\u00a0\u00bb, le Big Band inter-directions de la Ville de&hellip;\n","protected":false},"author":2,"featured_media":373973,"comment_status":"","ping_status":"","sticky":false,"template":"","format":"standard","meta":{"footnotes":""},"categories":[2819],"tags":[1111,11,1777,674,1011,27,12,2401,882,25],"class_list":{"0":"post-373972","1":"post","2":"type-post","3":"status-publish","4":"format-standard","5":"has-post-thumbnail","7":"category-nice","8":"tag-actu","9":"tag-actualites","10":"tag-eu","11":"tag-europe","12":"tag-fr","13":"tag-france","14":"tag-news","15":"tag-nice","16":"tag-provence-alpes-cote-dazur","17":"tag-republique-francaise"},"share_on_mastodon":{"url":"https:\/\/pubeurope.com\/@fr\/115165495541779146","error":""},"_links":{"self":[{"href":"https:\/\/www.europesays.com\/fr\/wp-json\/wp\/v2\/posts\/373972","targetHints":{"allow":["GET"]}}],"collection":[{"href":"https:\/\/www.europesays.com\/fr\/wp-json\/wp\/v2\/posts"}],"about":[{"href":"https:\/\/www.europesays.com\/fr\/wp-json\/wp\/v2\/types\/post"}],"author":[{"embeddable":true,"href":"https:\/\/www.europesays.com\/fr\/wp-json\/wp\/v2\/users\/2"}],"replies":[{"embeddable":true,"href":"https:\/\/www.europesays.com\/fr\/wp-json\/wp\/v2\/comments?post=373972"}],"version-history":[{"count":0,"href":"https:\/\/www.europesays.com\/fr\/wp-json\/wp\/v2\/posts\/373972\/revisions"}],"wp:featuredmedia":[{"embeddable":true,"href":"https:\/\/www.europesays.com\/fr\/wp-json\/wp\/v2\/media\/373973"}],"wp:attachment":[{"href":"https:\/\/www.europesays.com\/fr\/wp-json\/wp\/v2\/media?parent=373972"}],"wp:term":[{"taxonomy":"category","embeddable":true,"href":"https:\/\/www.europesays.com\/fr\/wp-json\/wp\/v2\/categories?post=373972"},{"taxonomy":"post_tag","embeddable":true,"href":"https:\/\/www.europesays.com\/fr\/wp-json\/wp\/v2\/tags?post=373972"}],"curies":[{"name":"wp","href":"https:\/\/api.w.org\/{rel}","templated":true}]}}