{"id":373974,"date":"2025-09-07T22:59:14","date_gmt":"2025-09-07T22:59:14","guid":{"rendered":"https:\/\/www.europesays.com\/fr\/373974\/"},"modified":"2025-09-07T22:59:14","modified_gmt":"2025-09-07T22:59:14","slug":"incendie-dun-squat-pres-des-rails-sncf-a-nice-ce-dimanche-soir","status":"publish","type":"post","link":"https:\/\/www.europesays.com\/fr\/373974\/","title":{"rendered":"Incendie d\u2019un squat pr\u00e8s des rails SNCF \u00e0 Nice ce dimanche soir"},"content":{"rendered":"<p>Un incendie impressionnant a d\u00e9truit un squat de 500 m\u00b2 \u00e0 Nice ce dimanche soir pr\u00e8s des rails SNCF, mobilisant 17 pompiers et perturbant les trains.<\/p>\n<p><img fetchpriority=\"high\" decoding=\"async\" width=\"1200\" height=\"986\" alt=\"Incendie squat Nice 7 septembre 2025\" title=\"incendie nice squat\" src=\"https:\/\/www.europesays.com\/fr\/wp-content\/uploads\/2025\/09\/incendie-nice-squat.jpg\" class=\"img-responsive wp-image-75191\"\/><\/p>\n<p>Incendie squat \u00e0 Nice 7 septembre 2025 \u2013 CREDIT : SDIS 06<\/p>\n<p>Un important feu d\u2019habitation a mobilis\u00e9 les secours ce dimanche 7 septembre en fin de journ\u00e9e \u00e0 Nice, sur la place de la Brigue.<\/p>\n<p><strong>Un incendie g\u00e9n\u00e9ralis\u00e9 <\/strong>\u2026<\/p>\n<p>Lire la suite dans l\u2019article <a href=\"https:\/\/www.varactu.fr\/incendie-dun-squat-pres-des-rails-sncf-a-nice-ce-dimanche-soir\/\" rel=\"nofollow noopener\" target=\"_blank\">Incendie d\u2019un squat pr\u00e8s des rails SNCF \u00e0 Nice ce dimanche soir<\/a> qui est apparu en premier sur <a href=\"https:\/\/www.varactu.fr\" rel=\"nofollow noopener\" target=\"_blank\">Var Actu<\/a>.<\/p>\n","protected":false},"excerpt":{"rendered":"Un incendie impressionnant a d\u00e9truit un squat de 500 m\u00b2 \u00e0 Nice ce dimanche soir pr\u00e8s des rails&hellip;\n","protected":false},"author":2,"featured_media":373975,"comment_status":"","ping_status":"","sticky":false,"template":"","format":"standard","meta":{"footnotes":""},"categories":[2819],"tags":[1111,11,1777,674,1011,27,12,2401,882,25],"class_list":{"0":"post-373974","1":"post","2":"type-post","3":"status-publish","4":"format-standard","5":"has-post-thumbnail","7":"category-nice","8":"tag-actu","9":"tag-actualites","10":"tag-eu","11":"tag-europe","12":"tag-fr","13":"tag-france","14":"tag-news","15":"tag-nice","16":"tag-provence-alpes-cote-dazur","17":"tag-republique-francaise"},"share_on_mastodon":{"url":"https:\/\/pubeurope.com\/@fr\/115165499478128320","error":""},"_links":{"self":[{"href":"https:\/\/www.europesays.com\/fr\/wp-json\/wp\/v2\/posts\/373974","targetHints":{"allow":["GET"]}}],"collection":[{"href":"https:\/\/www.europesays.com\/fr\/wp-json\/wp\/v2\/posts"}],"about":[{"href":"https:\/\/www.europesays.com\/fr\/wp-json\/wp\/v2\/types\/post"}],"author":[{"embeddable":true,"href":"https:\/\/www.europesays.com\/fr\/wp-json\/wp\/v2\/users\/2"}],"replies":[{"embeddable":true,"href":"https:\/\/www.europesays.com\/fr\/wp-json\/wp\/v2\/comments?post=373974"}],"version-history":[{"count":0,"href":"https:\/\/www.europesays.com\/fr\/wp-json\/wp\/v2\/posts\/373974\/revisions"}],"wp:featuredmedia":[{"embeddable":true,"href":"https:\/\/www.europesays.com\/fr\/wp-json\/wp\/v2\/media\/373975"}],"wp:attachment":[{"href":"https:\/\/www.europesays.com\/fr\/wp-json\/wp\/v2\/media?parent=373974"}],"wp:term":[{"taxonomy":"category","embeddable":true,"href":"https:\/\/www.europesays.com\/fr\/wp-json\/wp\/v2\/categories?post=373974"},{"taxonomy":"post_tag","embeddable":true,"href":"https:\/\/www.europesays.com\/fr\/wp-json\/wp\/v2\/tags?post=373974"}],"curies":[{"name":"wp","href":"https:\/\/api.w.org\/{rel}","templated":true}]}}