{"id":373980,"date":"2025-09-07T23:05:10","date_gmt":"2025-09-07T23:05:10","guid":{"rendered":"https:\/\/www.europesays.com\/fr\/373980\/"},"modified":"2025-09-07T23:05:10","modified_gmt":"2025-09-07T23:05:10","slug":"previsions-du-lundi-8-septembre-2025","status":"publish","type":"post","link":"https:\/\/www.europesays.com\/fr\/373980\/","title":{"rendered":"pr\u00e9visions du lundi 8 septembre 2025"},"content":{"rendered":"<p>\u00c0 Toulouse, petits et grands pourront appr\u00e9cier leur journ\u00e9e sous un ciel un peu nuageux. Les valeurs afficheront entre 17 et 23\u00b0C. Un vent de nord-ouest soufflera l\u00e9g\u00e8rement, avec 14 km\/h. Le matin, le mercure affichera 20\u00b0C en moyenne. Les temp\u00e9ratures seront de 20\u00b0C au minimum et de 23\u00b0C au maximum l&rsquo;apr\u00e8s-midi. Le soir, on sera sous un ciel bien gris, couvert de nuages. De petites averses seront possibles. Les valeurs s&rsquo;\u00e9chelonneront entre 18 et 19\u00b0C. Un ciel pluvieux est attendu dans la nuit entre lundi et mardi.<\/p>\n<p>Demain, une baisse du mercure est \u00e0 pr\u00e9voir \u00e0 Toulouse. On pr\u00e9voit des temp\u00e9ratures avoisinant 19\u00b0C. Un petit vent de nord-ouest sera ressenti par les habitants. Des \u00e9claircies feront leur apparition dans la matin\u00e9e. Les valeurs seront comprises entre 16 et 18\u00b0C. Un splendide soleil va briller et ce, tout au long de l&rsquo;apr\u00e8s-midi. L&rsquo;air ambiant va se r\u00e9chauffer avec une augmentation de quelques degr\u00e9s. Les maximales iront jusqu&rsquo;\u00e0 22\u00b0C et les minimales seront de 20\u00b0C. Le temps va progressivement se couvrir tout au long de la soir\u00e9e avec la venue de nuages. Il va faire environ 19\u00b0C.<\/p>\n<p>Peu d&rsquo;\u00e9volutions au fil des jours. Comptez sur 26\u00b0C en moyenne qui accompagneront des journ\u00e9es ensoleill\u00e9es.<\/p>\n<p><\/p>\n","protected":false},"excerpt":{"rendered":"\u00c0 Toulouse, petits et grands pourront appr\u00e9cier leur journ\u00e9e sous un ciel un peu nuageux. Les valeurs afficheront&hellip;\n","protected":false},"author":2,"featured_media":373981,"comment_status":"","ping_status":"","sticky":false,"template":"","format":"standard","meta":{"footnotes":""},"categories":[2816],"tags":[1111,11,1777,674,1011,27,2722,2721,12,2680,2119,25,2312],"class_list":{"0":"post-373980","1":"post","2":"type-post","3":"status-publish","4":"format-standard","5":"has-post-thumbnail","7":"category-toulouse","8":"tag-actu","9":"tag-actualites","10":"tag-eu","11":"tag-europe","12":"tag-fr","13":"tag-france","14":"tag-haute-garonne","15":"tag-midi-pyrenees","16":"tag-news","17":"tag-occitanie","18":"tag-previsions-meteo","19":"tag-republique-francaise","20":"tag-toulouse"},"share_on_mastodon":{"url":"https:\/\/pubeurope.com\/@fr\/115165523041272727","error":""},"_links":{"self":[{"href":"https:\/\/www.europesays.com\/fr\/wp-json\/wp\/v2\/posts\/373980","targetHints":{"allow":["GET"]}}],"collection":[{"href":"https:\/\/www.europesays.com\/fr\/wp-json\/wp\/v2\/posts"}],"about":[{"href":"https:\/\/www.europesays.com\/fr\/wp-json\/wp\/v2\/types\/post"}],"author":[{"embeddable":true,"href":"https:\/\/www.europesays.com\/fr\/wp-json\/wp\/v2\/users\/2"}],"replies":[{"embeddable":true,"href":"https:\/\/www.europesays.com\/fr\/wp-json\/wp\/v2\/comments?post=373980"}],"version-history":[{"count":0,"href":"https:\/\/www.europesays.com\/fr\/wp-json\/wp\/v2\/posts\/373980\/revisions"}],"wp:featuredmedia":[{"embeddable":true,"href":"https:\/\/www.europesays.com\/fr\/wp-json\/wp\/v2\/media\/373981"}],"wp:attachment":[{"href":"https:\/\/www.europesays.com\/fr\/wp-json\/wp\/v2\/media?parent=373980"}],"wp:term":[{"taxonomy":"category","embeddable":true,"href":"https:\/\/www.europesays.com\/fr\/wp-json\/wp\/v2\/categories?post=373980"},{"taxonomy":"post_tag","embeddable":true,"href":"https:\/\/www.europesays.com\/fr\/wp-json\/wp\/v2\/tags?post=373980"}],"curies":[{"name":"wp","href":"https:\/\/api.w.org\/{rel}","templated":true}]}}