{"id":373984,"date":"2025-09-07T23:07:10","date_gmt":"2025-09-07T23:07:10","guid":{"rendered":"https:\/\/www.europesays.com\/fr\/373984\/"},"modified":"2025-09-07T23:07:10","modified_gmt":"2025-09-07T23:07:10","slug":"previsions-du-lundi-8-septembre-2025-2","status":"publish","type":"post","link":"https:\/\/www.europesays.com\/fr\/373984\/","title":{"rendered":"pr\u00e9visions du lundi 8 septembre 2025"},"content":{"rendered":"<p>\u00c0 Lille, les temp\u00e9ratures seront de 14\u00b0C au plus bas et de 24\u00b0C au maximum la journ\u00e9e. Une petite brise d&rsquo;ouest soufflera. Cette matin\u00e9e rimera avec beau soleil. Apr\u00e8s un bref \u00e9pisode nuageux, on annonce des \u00e9claircies pour cet apr\u00e8s-midi. Les temp\u00e9ratures vont monter de quelques degr\u00e9s. Les maximales iront jusqu&rsquo;\u00e0 24\u00b0C alors que les minimales seront de 21\u00b0C. Il fera en moyenne 17\u00b0C, le soir. Un ciel clair est attendu dans la nuit entre lundi et mardi.<\/p>\n<p>Un bel ensoleillement est pr\u00e9vu demain \u00e0 Lille. Une baisse des temp\u00e9ratures est \u00e0 pr\u00e9voir. Le mercure affichera 18\u00b0C en moyenne. Un l\u00e9ger vent de nord-est sera ressenti par les habitants. Il va faire 18\u00b0C en moyenne le matin. Un temps plus chaud est pr\u00e9vu demain apr\u00e8s-midi puisque les temp\u00e9ratures vont conna\u00eetre une l\u00e9g\u00e8re augmentation. Les valeurs s&rsquo;\u00e9chelonneront entre 21\u00b0C et 23\u00b0C. Il faudra emporter son parapluie demain soir pour se prot\u00e9ger des pluies \u00e9parses.<\/p>\n<p>Les conditions m\u00e9t\u00e9orologiques des jours qui suivent vont \u00e9voluer peu \u00e0 peu. M\u00eame si le beau temps persistera quelque peu mercredi, il faut pr\u00e9voir une d\u00e9gradation ensuite.<\/p>\n<p><\/p>\n","protected":false},"excerpt":{"rendered":"\u00c0 Lille, les temp\u00e9ratures seront de 14\u00b0C au plus bas et de 24\u00b0C au maximum la journ\u00e9e. Une&hellip;\n","protected":false},"author":2,"featured_media":373985,"comment_status":"","ping_status":"","sticky":false,"template":"","format":"standard","meta":{"footnotes":""},"categories":[2815],"tags":[1111,11,1777,674,1011,27,811,1307,12,1308,1309,2119,25],"class_list":{"0":"post-373984","1":"post","2":"type-post","3":"status-publish","4":"format-standard","5":"has-post-thumbnail","7":"category-lille","8":"tag-actu","9":"tag-actualites","10":"tag-eu","11":"tag-europe","12":"tag-fr","13":"tag-france","14":"tag-hauts-de-france","15":"tag-lille","16":"tag-news","17":"tag-nord","18":"tag-nord-pas-de-calais","19":"tag-previsions-meteo","20":"tag-republique-francaise"},"share_on_mastodon":{"url":"https:\/\/pubeurope.com\/@fr\/115165530953822146","error":""},"_links":{"self":[{"href":"https:\/\/www.europesays.com\/fr\/wp-json\/wp\/v2\/posts\/373984","targetHints":{"allow":["GET"]}}],"collection":[{"href":"https:\/\/www.europesays.com\/fr\/wp-json\/wp\/v2\/posts"}],"about":[{"href":"https:\/\/www.europesays.com\/fr\/wp-json\/wp\/v2\/types\/post"}],"author":[{"embeddable":true,"href":"https:\/\/www.europesays.com\/fr\/wp-json\/wp\/v2\/users\/2"}],"replies":[{"embeddable":true,"href":"https:\/\/www.europesays.com\/fr\/wp-json\/wp\/v2\/comments?post=373984"}],"version-history":[{"count":0,"href":"https:\/\/www.europesays.com\/fr\/wp-json\/wp\/v2\/posts\/373984\/revisions"}],"wp:featuredmedia":[{"embeddable":true,"href":"https:\/\/www.europesays.com\/fr\/wp-json\/wp\/v2\/media\/373985"}],"wp:attachment":[{"href":"https:\/\/www.europesays.com\/fr\/wp-json\/wp\/v2\/media?parent=373984"}],"wp:term":[{"taxonomy":"category","embeddable":true,"href":"https:\/\/www.europesays.com\/fr\/wp-json\/wp\/v2\/categories?post=373984"},{"taxonomy":"post_tag","embeddable":true,"href":"https:\/\/www.europesays.com\/fr\/wp-json\/wp\/v2\/tags?post=373984"}],"curies":[{"name":"wp","href":"https:\/\/api.w.org\/{rel}","templated":true}]}}