{"id":373988,"date":"2025-09-07T23:09:29","date_gmt":"2025-09-07T23:09:29","guid":{"rendered":"https:\/\/www.europesays.com\/fr\/373988\/"},"modified":"2025-09-07T23:09:29","modified_gmt":"2025-09-07T23:09:29","slug":"voici-ce-quil-se-passe-4","status":"publish","type":"post","link":"https:\/\/www.europesays.com\/fr\/373988\/","title":{"rendered":"voici ce qu&rsquo;il se passe"},"content":{"rendered":"<p>            Par<br \/>\n        <strong><br \/>\n            <a href=\"https:\/\/actu.fr\/auteur\/fabien-binacchi\" title=\"Consulter tous les articles de Fabien Binacchi\" rel=\"nofollow noopener\" target=\"_blank\">Fabien Binacchi<\/a><br \/>\n        <\/strong><\/p>\n<p>        Publi\u00e9 le<\/p>\n<p>            2 sept. 2025 \u00e0 8h37<br \/>\n        ; mis \u00e0 jour le 2 sept. 2025 \u00e0 8h50    <\/p>\n<p>Mise \u00e0 jour le 2 septembre 2025 \u00e0 8h50 : La R\u00e9gie des transports m\u00e9tropolitains annonce un \u00ab\u00a0retour progressif du trafic \u00e0 la normale\u00a0\u00bb.\u00a0<\/p>\n<p class=\" wall-content\">Depuis environ 8h ce mardi 2 septembre 2025, <strong>neuf stations<\/strong> du m\u00e9tro de <a href=\"https:\/\/actu.fr\/marseille\/\" rel=\"nofollow noopener\" target=\"_blank\">Marseille<\/a> ne sont plus desservies sur les lignes M1 et M2, indique la <a href=\"https:\/\/actu.fr\/tag\/rtm\" rel=\"nofollow noopener\" target=\"_blank\">RTM<\/a>.<\/p>\n<p class=\" wall-content\">Voil\u00e0 ce qu\u2019il se passe.<\/p>\n<p>\u00ab\u2009Pr\u00e9sence d\u2019un bagage abandonn\u00e9\u2009\u00bb<\/p>\n<p class=\" wall-content\">\u00ab\u2009Le M\u00e9tro M1 est interrompu <strong>de Chartreux \u00e0 Castellane<\/strong> et le M\u00e9tro M2 <strong>de Joliette \u00e0 Castellane<\/strong>\u2009\u00bb, indique la direction de la RTM, sur son site Internet. Une d\u00e9cision prise dans l\u2019urgence \u00e0 cause de la \u00ab\u2009pr\u00e9sence d\u2019un bagage abandonn\u00e9\u2009\u00bb dans la station Saint-Charles.<\/p>\n<p class=\" wall-content\">\u00ab\u2009Les lignes seront r\u00e9tablies <strong>d\u00e8s que les conditions le permettront<\/strong>\u2009\u00bb, pr\u00e9cise encore la r\u00e9gie, sans annoncer d\u2019heure pr\u00e9cise de reprise normale du trafic pour le moment.<\/p>\n<p>En attendant, quels itin\u00e9raires privil\u00e9gi\u00e9s ?<\/p>\n<p class=\" wall-content\">Sur la ligne M1, six stations sont non desservies : <strong>Cinq Avenues Longchamp, R\u00e9form\u00e9s Canebi\u00e8re, Saint-Charles, Colbert, Vieux-Port, Estrangin.<\/strong><\/p>\n<p class=\" wall-content\">La RTM conseille aux usagers qui veulent se rendre :<\/p>\n<ul class=\" wall-content\">\n<li>en centre-ville, d\u2019emprunter le bus 42 au m\u00e9tro La Rose jusqu\u2019au terminus Foch 5 Avenues, puis le Tram T2<\/li>\n<li>\u00e0 Saint-Charles, d\u2019emprunter le bus 42 au m\u00e9tro La Rose jusqu\u2019au terminus Foch 5 Avenues, le tram T2 jusqu\u2019\u00e0 la station R\u00e9form\u00e9s Canebi\u00e8re puis les Bus 33, 34, 49 ou 52.<\/li>\n<li>\u00e0 Castellane, d\u2019emprunter le bus 42 au Chartreux jusqu\u2019au terminus Foch 5 Avenues puis le tram T2 jusqu\u2019\u00e0 Canebi\u00e8re Capucins, le Tram T3 station Cours St Louis.<\/li>\n<\/ul>\n<p>Votre r\u00e9gion, votre actu !<\/p>\n<p>Recevez chaque jour les infos qui comptent pour vous.<\/p>\n<p>\t<a href=\"https:\/\/actu.fr\/newsletter\" class=\"ac-btn ac-btn--corner ac-btn--medium ac-btn--blue800\" rel=\"nofollow noopener\" target=\"_blank\">S&rsquo;incrire<\/a><\/p>\n<p class=\" wall-content\">Sur la ligne M2, quatre stations sont non desservies : <strong>Jules Guesde, Saint-Charles, Noailles, Notre-Dame du Mont.<\/strong> Le tram T3 permet de se rendre de la Joliette \u00e0 Castellane.<\/p>\n<p class=\" wall-content\">Personnalisez votre actualit\u00e9 en ajoutant vos villes et m\u00e9dias en favori avec <a href=\"https:\/\/moncompte.actu.fr\" title=\"D\u00e9couvez Mon Actu\" rel=\"nofollow noopener\" data-trk=\"{&quot;cta&quot;:{&quot;action&quot;:&quot;https:\\\/\\\/moncompte.actu.fr&quot;,&quot;category&quot;:&quot;mon compte&quot;,&quot;from&quot;:&quot;article footer&quot;,&quot;name&quot;:&quot;Mon actu&quot;,&quot;type&quot;:&quot;cta&quot;}}\" target=\"_blank\">Mon Actu<\/a>.<\/p>\n","protected":false},"excerpt":{"rendered":"Par Fabien Binacchi Publi\u00e9 le 2 sept. 2025 \u00e0 8h37 ; mis \u00e0 jour le 2 sept. 2025&hellip;\n","protected":false},"author":2,"featured_media":279083,"comment_status":"","ping_status":"","sticky":false,"template":"","format":"standard","meta":{"footnotes":""},"categories":[2814],"tags":[1111,11,1777,674,118,1011,27,884,12,882,25,10783,2803],"class_list":{"0":"post-373988","1":"post","2":"type-post","3":"status-publish","4":"format-standard","5":"has-post-thumbnail","7":"category-marseille","8":"tag-actu","9":"tag-actualites","10":"tag-eu","11":"tag-europe","12":"tag-faits-divers","13":"tag-fr","14":"tag-france","15":"tag-marseille","16":"tag-news","17":"tag-provence-alpes-cote-dazur","18":"tag-republique-francaise","19":"tag-rtm","20":"tag-transport"},"share_on_mastodon":{"url":"https:\/\/pubeurope.com\/@fr\/115165538856828029","error":""},"_links":{"self":[{"href":"https:\/\/www.europesays.com\/fr\/wp-json\/wp\/v2\/posts\/373988","targetHints":{"allow":["GET"]}}],"collection":[{"href":"https:\/\/www.europesays.com\/fr\/wp-json\/wp\/v2\/posts"}],"about":[{"href":"https:\/\/www.europesays.com\/fr\/wp-json\/wp\/v2\/types\/post"}],"author":[{"embeddable":true,"href":"https:\/\/www.europesays.com\/fr\/wp-json\/wp\/v2\/users\/2"}],"replies":[{"embeddable":true,"href":"https:\/\/www.europesays.com\/fr\/wp-json\/wp\/v2\/comments?post=373988"}],"version-history":[{"count":0,"href":"https:\/\/www.europesays.com\/fr\/wp-json\/wp\/v2\/posts\/373988\/revisions"}],"wp:featuredmedia":[{"embeddable":true,"href":"https:\/\/www.europesays.com\/fr\/wp-json\/wp\/v2\/media\/279083"}],"wp:attachment":[{"href":"https:\/\/www.europesays.com\/fr\/wp-json\/wp\/v2\/media?parent=373988"}],"wp:term":[{"taxonomy":"category","embeddable":true,"href":"https:\/\/www.europesays.com\/fr\/wp-json\/wp\/v2\/categories?post=373988"},{"taxonomy":"post_tag","embeddable":true,"href":"https:\/\/www.europesays.com\/fr\/wp-json\/wp\/v2\/tags?post=373988"}],"curies":[{"name":"wp","href":"https:\/\/api.w.org\/{rel}","templated":true}]}}