{"id":373989,"date":"2025-09-07T23:10:22","date_gmt":"2025-09-07T23:10:22","guid":{"rendered":"https:\/\/www.europesays.com\/fr\/373989\/"},"modified":"2025-09-07T23:10:22","modified_gmt":"2025-09-07T23:10:22","slug":"marseille-droit-au-but-episode-4-6-du-podcast-bernard-tapie-le-sale-gosse","status":"publish","type":"post","link":"https:\/\/www.europesays.com\/fr\/373989\/","title":{"rendered":"Marseille, droit au but : \u00e9pisode 4\/6 du podcast Bernard Tapie, le sale gosse"},"content":{"rendered":"<p class=\"PopSlotParagraph qg-tx2 qg-xtra-lh svelte-1r0pyek\">Arriv\u00e9s au quatri\u00e8me \u00e9pisode de notre s\u00e9rie, nous retrouvons un\u00a0<a href=\"https:\/\/www.radiofrance.fr\/personnes\/bernard-tapie\" class=\"\" data-testid=\"link\" rel=\"nofollow noopener\" target=\"_blank\">Bernard Tapie<\/a> de plus en plus populaire, et d\u00e9sireux de se lancer en politique. Il est une b\u00eate de t\u00e9l\u00e9vision qui parle simplement, para\u00eet toujours sinc\u00e8re, semble avoir r\u00e9ponse \u00e0 tout et ne pas conna\u00eetre le doute. Et pour charmer les Fran\u00e7ais sans avoir \u00e0 distribuer de tracts sur les march\u00e9s, c&rsquo;est le sport, son ticket d\u2019or. Il d\u00e9cide alors de reprendre l&rsquo;<a href=\"https:\/\/www.radiofrance.fr\/personnes\/om\" class=\"\" data-testid=\"link\" rel=\"nofollow noopener\" target=\"_blank\">Olympique de Marseille<\/a> pour un franc symbolique. Devenu patron de ce club de football, il s&rsquo;identifie \u00e0 l&rsquo;OM et l&rsquo;OM s&rsquo;identifie \u00e0 lui. Rapidement, il acquiert une place singuli\u00e8re dans le c\u0153ur des Marseillais. D&rsquo;apr\u00e8s Gilles Rof, \u00ab\u00a0il a ce c\u00f4t\u00e9 provocateur, un brin roublard, un brin voyou, qui pla\u00eet au peuple de Marseille, mais ce qui pla\u00eet avant tout, c&rsquo;est ses r\u00e9sultats. Sa capacit\u00e9 \u00e0 avoir des r\u00e9sultats, c&rsquo;est \u00e7a qui explique la passion des Marseillais pour Tapie.\u00a0\u00bb Quel patron de l&rsquo;OM Tapie a-t-il \u00e9t\u00e9\u00a0? Quel \u00e9tait son rapport \u00e0 la ville de Marseille\u00a0? Retour sur le moment marseillais de la vie de Bernard Tapie.<\/p>\n<p> Archives diffus\u00e9es<\/p>\n<ul>\n<li>Plusieurs extraits d&rsquo;un entretien de Bernard Tapie avec Jacques Chancel, Quotidien pluriel, France Inter, 24 mai 1984<\/li>\n<li>Bernard Tapie dans L&rsquo;oreille en coin, France Inter, 23 novembre 1986<\/li>\n<li>Bernard Tapie \u00e0 propos de l&rsquo;OM, Questions par A + B, France Inter, 29 mai 1991<\/li>\n<li>Reportage sur la victoire de l&rsquo;OM en Ligue des champions, France Inter, 27 mai 1993<\/li>\n<li>Victoire de Bernard Tapie aux \u00e9lections l\u00e9gislatives de Marseille, France Inter, 30 janvier 1989<\/li>\n<\/ul>\n<p>Pour aller plus loin<\/p>\n<p class=\"PopSlotParagraph qg-tx2 qg-xtra-lh svelte-1r0pyek\"><strong>Gilles Rof<\/strong> est journaliste ind\u00e9pendant, auteur de documentaires, correspondant du journal Le Monde \u00e0 Marseille.<\/p>\n<p> G\u00e9n\u00e9rique<\/p>\n<p class=\"PopSlotParagraph qg-tx2 qg-xtra-lh svelte-1r0pyek\"><strong>Production\u00a0: Matthieu Garrigou-Lagrange. R\u00e9alisation\u00a0: Delphine Lemer.<\/strong>\u00a0Prise de son\u00a0: Ludovic Auger. Mixage\u00a0: Manuel Couturier. Archives Ina\u00a0: \u00c9milie Lacault. Documentation musicale\u00a0: Antoine Vuilloz. Collaboration\u00a0: Anne-Vanessa Pr\u00e9vost et Lily Cornaert.<\/p>\n<p class=\"PopSlotParagraph qg-tx2 qg-xtra-lh svelte-1r0pyek\"><strong>Musique du g\u00e9n\u00e9rique\u00a0:<\/strong><\/p>\n<ul>\n<li>\u00ab\u00a0Get up&#8230; Carmen\u00a0\u00bb de Waldeck,\u00a0Ballroom Stories\u00a0(2007)<\/li>\n<li>\u00ab\u00a0Good for goodie\u00a0\u00bb, compos\u00e9 par Moondog et interpr\u00e9t\u00e9 par Joanna MacGregor And The Britten Sinfonia,\u00a0Sidewalk dances\u00a0(2006)<\/li>\n<\/ul>\n","protected":false},"excerpt":{"rendered":"Arriv\u00e9s au quatri\u00e8me \u00e9pisode de notre s\u00e9rie, nous retrouvons un\u00a0Bernard Tapie de plus en plus populaire, et d\u00e9sireux&hellip;\n","protected":false},"author":2,"featured_media":373990,"comment_status":"","ping_status":"","sticky":false,"template":"","format":"standard","meta":{"footnotes":""},"categories":[2814],"tags":[1111,11,1777,674,1011,27,884,12,882,25],"class_list":{"0":"post-373989","1":"post","2":"type-post","3":"status-publish","4":"format-standard","5":"has-post-thumbnail","7":"category-marseille","8":"tag-actu","9":"tag-actualites","10":"tag-eu","11":"tag-europe","12":"tag-fr","13":"tag-france","14":"tag-marseille","15":"tag-news","16":"tag-provence-alpes-cote-dazur","17":"tag-republique-francaise"},"share_on_mastodon":{"url":"https:\/\/pubeurope.com\/@fr\/115165542697324186","error":""},"_links":{"self":[{"href":"https:\/\/www.europesays.com\/fr\/wp-json\/wp\/v2\/posts\/373989","targetHints":{"allow":["GET"]}}],"collection":[{"href":"https:\/\/www.europesays.com\/fr\/wp-json\/wp\/v2\/posts"}],"about":[{"href":"https:\/\/www.europesays.com\/fr\/wp-json\/wp\/v2\/types\/post"}],"author":[{"embeddable":true,"href":"https:\/\/www.europesays.com\/fr\/wp-json\/wp\/v2\/users\/2"}],"replies":[{"embeddable":true,"href":"https:\/\/www.europesays.com\/fr\/wp-json\/wp\/v2\/comments?post=373989"}],"version-history":[{"count":0,"href":"https:\/\/www.europesays.com\/fr\/wp-json\/wp\/v2\/posts\/373989\/revisions"}],"wp:featuredmedia":[{"embeddable":true,"href":"https:\/\/www.europesays.com\/fr\/wp-json\/wp\/v2\/media\/373990"}],"wp:attachment":[{"href":"https:\/\/www.europesays.com\/fr\/wp-json\/wp\/v2\/media?parent=373989"}],"wp:term":[{"taxonomy":"category","embeddable":true,"href":"https:\/\/www.europesays.com\/fr\/wp-json\/wp\/v2\/categories?post=373989"},{"taxonomy":"post_tag","embeddable":true,"href":"https:\/\/www.europesays.com\/fr\/wp-json\/wp\/v2\/tags?post=373989"}],"curies":[{"name":"wp","href":"https:\/\/api.w.org\/{rel}","templated":true}]}}