{"id":373991,"date":"2025-09-07T23:11:10","date_gmt":"2025-09-07T23:11:10","guid":{"rendered":"https:\/\/www.europesays.com\/fr\/373991\/"},"modified":"2025-09-07T23:11:10","modified_gmt":"2025-09-07T23:11:10","slug":"previsions-du-lundi-8-septembre-2025-3","status":"publish","type":"post","link":"https:\/\/www.europesays.com\/fr\/373991\/","title":{"rendered":"pr\u00e9visions du lundi 8 septembre 2025"},"content":{"rendered":"<p>La grisaille ne se dissipe toujours pas, il y aura encore des nuages aujourd&rsquo;hui. Des pluies \u00e9parses sont attendues \u00e0 Lyon. Il fera environ 20\u00b0C. Les maximales iront jusqu&rsquo;\u00e0 19\u00b0C dans la matin\u00e9e tandis que les minimales seront de 18\u00b0C. Une brise de nord-ouest soufflera doucement. Toujours de la grisaille l&rsquo;apr\u00e8s-midi. Les nuages vont stationner. Les temp\u00e9ratures seront de 20\u00b0C au minimum et de 23\u00b0C au maximum. Les nuages en pr\u00e9vision le soir, et un ciel encore gris. Des pluies \u00e9parses vont tomber. Les valeurs s&rsquo;\u00e9chelonneront entre 17\u00b0C et 19\u00b0C. On passera de lundi \u00e0 mardi par une nuit pluvieuse.<\/p>\n<p>Lyon, o\u00f9 des nuages persisteront demain, continuera de guetter le soleil. Il va pleuvoir. Une baisse des temp\u00e9ratures est pr\u00e9vue. Les valeurs afficheront entre 14 et 20\u00b0C. Le matin, encore des nuages dans le ciel qui emp\u00eachent le soleil d&rsquo;appara\u00eetre. Les temp\u00e9ratures tourneront autour des 16\u00b0C. Un modeste vent de nord sera ressenti par les habitants. L&rsquo;apr\u00e8s-midi va rester gris \u00e0 cause de nuages qui perdurent dans le ciel. D&rsquo;un autre c\u00f4t\u00e9, un temps plus chaud est \u00e0 pr\u00e9voir puisque le mercure va conna\u00eetre une augmentation. Il va faire 20\u00b0C en moyenne. Demain soir, on pr\u00e9voit des valeurs d&rsquo;environ 16\u00b0C. Un vent de nord-ouest soufflera un peu, avec 7 km\/h.<\/p>\n<p>Le temps va s&rsquo;am\u00e9liorer dans les jours qui suivent. Il va faire un temps assez ensoleill\u00e9 avec des temp\u00e9ratures avoisinant 24\u00b0C.<\/p>\n<p><\/p>\n","protected":false},"excerpt":{"rendered":"La grisaille ne se dissipe toujours pas, il y aura encore des nuages aujourd&rsquo;hui. Des pluies \u00e9parses sont&hellip;\n","protected":false},"author":2,"featured_media":373992,"comment_status":"","ping_status":"","sticky":false,"template":"","format":"standard","meta":{"footnotes":""},"categories":[1889],"tags":[1111,11,2430,1777,674,1011,27,2428,12,2119,25,2429,2431],"class_list":{"0":"post-373991","1":"post","2":"type-post","3":"status-publish","4":"format-standard","5":"has-post-thumbnail","7":"category-lyon","8":"tag-actu","9":"tag-actualites","10":"tag-auvergne-rhone-alpes","11":"tag-eu","12":"tag-europe","13":"tag-fr","14":"tag-france","15":"tag-lyon","16":"tag-news","17":"tag-previsions-meteo","18":"tag-republique-francaise","19":"tag-rhone","20":"tag-rhone-alpes"},"share_on_mastodon":{"url":"https:\/\/pubeurope.com\/@fr\/115165546658884259","error":""},"_links":{"self":[{"href":"https:\/\/www.europesays.com\/fr\/wp-json\/wp\/v2\/posts\/373991","targetHints":{"allow":["GET"]}}],"collection":[{"href":"https:\/\/www.europesays.com\/fr\/wp-json\/wp\/v2\/posts"}],"about":[{"href":"https:\/\/www.europesays.com\/fr\/wp-json\/wp\/v2\/types\/post"}],"author":[{"embeddable":true,"href":"https:\/\/www.europesays.com\/fr\/wp-json\/wp\/v2\/users\/2"}],"replies":[{"embeddable":true,"href":"https:\/\/www.europesays.com\/fr\/wp-json\/wp\/v2\/comments?post=373991"}],"version-history":[{"count":0,"href":"https:\/\/www.europesays.com\/fr\/wp-json\/wp\/v2\/posts\/373991\/revisions"}],"wp:featuredmedia":[{"embeddable":true,"href":"https:\/\/www.europesays.com\/fr\/wp-json\/wp\/v2\/media\/373992"}],"wp:attachment":[{"href":"https:\/\/www.europesays.com\/fr\/wp-json\/wp\/v2\/media?parent=373991"}],"wp:term":[{"taxonomy":"category","embeddable":true,"href":"https:\/\/www.europesays.com\/fr\/wp-json\/wp\/v2\/categories?post=373991"},{"taxonomy":"post_tag","embeddable":true,"href":"https:\/\/www.europesays.com\/fr\/wp-json\/wp\/v2\/tags?post=373991"}],"curies":[{"name":"wp","href":"https:\/\/api.w.org\/{rel}","templated":true}]}}