{"id":373994,"date":"2025-09-07T23:14:10","date_gmt":"2025-09-07T23:14:10","guid":{"rendered":"https:\/\/www.europesays.com\/fr\/373994\/"},"modified":"2025-09-07T23:14:10","modified_gmt":"2025-09-07T23:14:10","slug":"quelles-perturbations-prevoir-pour-la-ratp-et-la-sncf-cette-semaine-39","status":"publish","type":"post","link":"https:\/\/www.europesays.com\/fr\/373994\/","title":{"rendered":"Quelles perturbations pr\u00e9voir pour la RATP et la SNCF cette semaine ?"},"content":{"rendered":"<p class=\"mb-4 text-lg md:leading-8 break-words\"><strong>TRANSPORTS &#8211; Du lundi 8 au dimanche 14 septembre, plusieurs changements sont \u00e0 anticiper sur les lignes parisiennes et franciliennes<\/strong><\/p>\n<p class=\"mb-4 text-lg md:leading-8 break-words\">En cette deuxi\u00e8me semaine apr\u00e8s la rentr\u00e9e, la routine reprend peu \u00e0 peu dans la capitale et en \u00cele-de-France. Au-del\u00e0 des possibles changements dus aux manifestations du mercredi 10 septembre, faisons le point sur les perturbations RATP et SNCF cette semaine du lundi 8 au dimanche 14 septembre sur les lignes parisiennes et franciliennes.<\/p>\n<p>Les perturbations SNCF et RATP \u00e0 Paris et en \u00cele-de-France du lundi 8 au dimanche 14 septembreM\u00e9tro<\/p>\n<ul class=\"mb-4\">\n<li class=\"ml-4 list-disc\">\n<p class=\"mb-4 text-lg md:leading-8 break-words\">Ligne 6 : jusqu\u2019au 28 septembre, l\u2019arr\u00eat ne sera pas desservi \u00e0 Cambronne (travaux).<\/p>\n<\/li>\n<li class=\"ml-4 list-disc\">\n<p class=\"mb-4 text-lg md:leading-8 break-words\">Ligne 10 : du dimanche au jeudi inclus, \u00e0 partir de 22h30 jusqu\u2019au lendemain matin, le trafic sera interrompu, jusqu\u2019au jeudi 2 octobre.<\/p>\n<\/li>\n<\/ul>\n<p>RER<\/p>\n<ul class=\"mb-4\">\n<li class=\"ml-4 list-disc\">\n<p class=\"mb-4 text-lg md:leading-8 break-words\">RER A : jusqu\u2019au vendredi 10 octobre, \u00e0 partir de 22h45, le trafic sera interrompu entre Paris Gare du Nord et A\u00e9roport Charles De Gaulle 2-TGV\/Mitry-Claye. Des bus de substitution seront mis en place.<\/p>\n<\/li>\n<li class=\"ml-4 list-disc\">\n<p class=\"mb-4 text-lg md:leading-8 break-words\"><a href=\"https:\/\/www.20minutes.fr\/dossier\/rer_b?at_medium=RSS%20feed&amp;at_campaign=ynews&amp;utm_source=yahoo&amp;utm_medium=rss&amp;utm_campaign=news_feed&amp;utm_content=in_article_link\" rel=\"nofollow noopener\" target=\"_blank\" data-ylk=\"slk:RER B;elm:context_link;itc:0;sec:content-canvas\" class=\"link \">RER B<\/a> : le week-end du 13 et 14 septembre 2025, le trafic estinterrompu entre Paris Nord et <a href=\"https:\/\/www.20minutes.fr\/dossier\/aeroport?at_medium=RSS%20feed&amp;at_campaign=ynews&amp;utm_source=yahoo&amp;utm_medium=rss&amp;utm_campaign=news_feed&amp;utm_content=in_article_link\" rel=\"nofollow noopener\" target=\"_blank\" data-ylk=\"slk:A\u00e9roport;elm:context_link;itc:0;sec:content-canvas\" class=\"link \">A\u00e9roport<\/a> CDG2-TGV. Des bus de substitution seront mis en place.<\/p>\n<\/li>\n<li class=\"ml-4 list-disc\">\n<p class=\"mb-4 text-lg md:leading-8 break-words\"><a href=\"https:\/\/www.20minutes.fr\/dossier\/rer_d?at_medium=RSS%20feed&amp;at_campaign=ynews&amp;utm_source=yahoo&amp;utm_medium=rss&amp;utm_campaign=news_feed&amp;utm_content=in_article_link\" rel=\"nofollow noopener\" target=\"_blank\" data-ylk=\"slk:RER D;elm:context_link;itc:0;sec:content-canvas\" class=\"link \">RER D<\/a> : jusqu\u2019au 31 octobre, du lundi au vendredi, d\u00e8s 23h20, le trafic sera interrompu entre Gare du Nord et Creil (travaux). Des bus de substitution seront mis en place.<\/p>\n<\/li>\n<\/ul>\n<p>Transilien<\/p>\n<ul class=\"mb-4\">\n<li class=\"ml-4 list-disc\">\n<p class=\"mb-4 text-lg md:leading-8 break-words\">Ligne J : les week-ends du 13-14 et 20-21 septembre, le trafic sera interrompu entre Paris Saint-Lazare et Val de Reuil.<\/p>\n<\/li>\n<li class=\"ml-4 list-disc\">\n<p class=\"mb-4 text-lg md:leading-8 break-words\">Ligne K : jusqu\u2019au vendredi 19 d\u00e9cembre en soir\u00e9e, le trafic sera interrompu entre Paris <a href=\"https:\/\/www.20minutes.fr\/dossier\/gare_du_nord?at_medium=RSS%20feed&amp;at_campaign=ynews&amp;utm_source=yahoo&amp;utm_medium=rss&amp;utm_campaign=news_feed&amp;utm_content=in_article_link\" rel=\"nofollow noopener\" target=\"_blank\" data-ylk=\"slk:Gare du Nord;elm:context_link;itc:0;sec:content-canvas\" class=\"link \">Gare du Nord<\/a> et Cr\u00e9py-en-Valois.<\/p>\n<\/li>\n<\/ul>\n<p class=\"mb-4 text-lg md:leading-8 break-words\">Ligne L : les week-ends des 13-14, 20-21, 27-28 (&#8230;)<\/p>\n<p class=\"mb-4 text-lg md:leading-8 break-words\"><a href=\"https:\/\/www.20minutes.fr\/paris\/4171672-20250907-paris-ile-france-perturbations-prevoir-ratp-sncf-semaine?at_medium=RSS%20feed&amp;at_campaign=ynews&amp;utm_source=yahoo&amp;utm_medium=rss&amp;utm_campaign=news_feed&amp;utm_content=read_more_link&quot;\" rel=\"nofollow noopener\" target=\"_blank\" data-ylk=\"slk:Lire la suite sur 20minutes;elm:context_link;itc:0;sec:content-canvas\" class=\"link \">Lire la suite sur 20minutes<\/a><\/p>\n<p>\u00c0 lire aussi :<br \/><a href=\"https:\/\/www.20minutes.fr\/societe\/4171076-20250903-sncf-trois-syndicats-appellent-faire-greve-18-septembre?at_medium=RSS%20feed&amp;at_campaign=ynews&amp;utm_source=yahoo&amp;utm_medium=rss&amp;utm_campaign=news_feed&amp;utm_content=related_content_link\" rel=\"nofollow noopener\" target=\"_blank\" data-ylk=\"slk:SNCF : Trois syndicats appellent \u00e0 faire gr\u00e8ve le 18 septembre;elm:context_link;itc:0;sec:content-canvas\" class=\"link \">SNCF : Trois syndicats appellent \u00e0 faire gr\u00e8ve le 18 septembre<\/a><br \/><a href=\"https:\/\/www.20minutes.fr\/societe\/4170077-20250828-sncf-retards-quatre-heures-ligne-paris-lyon-apres-vol-cables?at_medium=RSS%20feed&amp;at_campaign=ynews&amp;utm_source=yahoo&amp;utm_medium=rss&amp;utm_campaign=news_feed&amp;utm_content=related_content_link\" rel=\"nofollow noopener\" target=\"_blank\" data-ylk=\"slk:SNCF : Des retards de quatre heures sur la ligne Paris-Lyon apr\u00e8s un vol de c\u00e2bles;elm:context_link;itc:0;sec:content-canvas\" class=\"link \">SNCF : Des retards de quatre heures sur la ligne Paris-Lyon apr\u00e8s un vol de c\u00e2bles<\/a><\/p>\n","protected":false},"excerpt":{"rendered":"TRANSPORTS &#8211; Du lundi 8 au dimanche 14 septembre, plusieurs changements sont \u00e0 anticiper sur les lignes parisiennes&hellip;\n","protected":false},"author":2,"featured_media":373995,"comment_status":"","ping_status":"","sticky":false,"template":"","format":"standard","meta":{"footnotes":""},"categories":[1592],"tags":[1111,11,4191,1777,674,1011,27,662,12,626,49291,25,2215,50799],"class_list":{"0":"post-373994","1":"post","2":"type-post","3":"status-publish","4":"format-standard","5":"has-post-thumbnail","7":"category-ile-de-france","8":"tag-actu","9":"tag-actualites","10":"tag-aeroport-charles-de-gaulle","11":"tag-eu","12":"tag-europe","13":"tag-fr","14":"tag-france","15":"tag-ile-de-france","16":"tag-news","17":"tag-paris","18":"tag-paris-gare-du-nord","19":"tag-republique-francaise","20":"tag-sncf","21":"tag-val-de-reuil"},"share_on_mastodon":{"url":"https:\/\/pubeurope.com\/@fr\/115165558470605292","error":""},"_links":{"self":[{"href":"https:\/\/www.europesays.com\/fr\/wp-json\/wp\/v2\/posts\/373994","targetHints":{"allow":["GET"]}}],"collection":[{"href":"https:\/\/www.europesays.com\/fr\/wp-json\/wp\/v2\/posts"}],"about":[{"href":"https:\/\/www.europesays.com\/fr\/wp-json\/wp\/v2\/types\/post"}],"author":[{"embeddable":true,"href":"https:\/\/www.europesays.com\/fr\/wp-json\/wp\/v2\/users\/2"}],"replies":[{"embeddable":true,"href":"https:\/\/www.europesays.com\/fr\/wp-json\/wp\/v2\/comments?post=373994"}],"version-history":[{"count":0,"href":"https:\/\/www.europesays.com\/fr\/wp-json\/wp\/v2\/posts\/373994\/revisions"}],"wp:featuredmedia":[{"embeddable":true,"href":"https:\/\/www.europesays.com\/fr\/wp-json\/wp\/v2\/media\/373995"}],"wp:attachment":[{"href":"https:\/\/www.europesays.com\/fr\/wp-json\/wp\/v2\/media?parent=373994"}],"wp:term":[{"taxonomy":"category","embeddable":true,"href":"https:\/\/www.europesays.com\/fr\/wp-json\/wp\/v2\/categories?post=373994"},{"taxonomy":"post_tag","embeddable":true,"href":"https:\/\/www.europesays.com\/fr\/wp-json\/wp\/v2\/tags?post=373994"}],"curies":[{"name":"wp","href":"https:\/\/api.w.org\/{rel}","templated":true}]}}