{"id":373998,"date":"2025-09-07T23:16:18","date_gmt":"2025-09-07T23:16:18","guid":{"rendered":"https:\/\/www.europesays.com\/fr\/373998\/"},"modified":"2025-09-07T23:16:18","modified_gmt":"2025-09-07T23:16:18","slug":"le-psg-simpose-dentree-face-a-dunkerque","status":"publish","type":"post","link":"https:\/\/www.europesays.com\/fr\/373998\/","title":{"rendered":"Le PSG s&rsquo;impose d&rsquo;entr\u00e9e face \u00e0 Dunkerque"},"content":{"rendered":"<p class=\"date\">\n                                                            Cl\u00e9ment Baudouin, Media365, publi\u00e9 le samedi 06 septembre 2025 \u00e0 22h50\n                                                    <\/p>\n<p>Apr\u00e8s une journ\u00e9e de vendredi qui aura vu le match nul fou entre Nantes et Chamb\u00e9ry (34-34), celle de samedi a vu le champion en titre, le PSG, d\u00e9buter sa comp\u00e9tition avec la r\u00e9ception de Dunkerque. Dans les autres rencontres de ce samedi, S\u00e9lestat se d\u00e9pla\u00e7ait \u00e0 Limoges et Aix recevait Chartres.<\/p>\n<p>Le PSG, tenant du titre en Liqui Moly Starligue, lan\u00e7ait sa saison ce samedi \u00e0 l&rsquo;occasion de la r\u00e9ception de Dunkerque. Dans cette rencontre, les co\u00e9quipiers d&rsquo;Elohim Prandi d\u00e9butent parfaitement en \u00e9tant pleinement r\u00e9aliste et en prenant un bel avantage sur son adversaire du soir au bout de seulement dix minutes (7-2, 11e). Une avance qui permet aux joueurs de la capitale de g\u00e9rer cette premi\u00e8re p\u00e9riode. Malgr\u00e9 des offensives de Dunkerque, notamment lorsque le PSG s&rsquo;est retrouv\u00e9 en inf\u00e9riorit\u00e9 num\u00e9rique, ce sont les joueurs de Stefan Madsen qui retournent au vestiaire avec l&rsquo;avantage du score (13-12).<\/p>\n<p>En seconde p\u00e9riode, ce sont les joueurs du PSG qui reviennent mieux dans cette rencontre et qui poussent sur la d\u00e9fense de Dunkerque et qui, comme en premi\u00e8re p\u00e9riode, r\u00e9ussissent \u00e0 recreuser l&rsquo;\u00e9cart (21-14, 43e). Une avance confortable qui permet de nouveau aux joueurs de la capitale de g\u00e9rer un score qui ne sera pas suffisamment remont\u00e9 par les joueurs de Dunkerque qui s&rsquo;inclinent de quatre longueurs (32-28). Le PSG d\u00e9bute parfaitement son championnat et affrontera les Allemands de Magdebourg, ce mercredi en Ligue des champions. De son c\u00f4t\u00e9, Dunkerque cherchera lancer sa saison la semaine prochaine \u00e0 domicile contre Chamb\u00e9ry.<\/p>\n<p>Chartres s&rsquo;impose \u00e0 Aix, nul entre Limoges et S\u00e9lestat<\/p>\n<p>Dans les autres rencontres de ce samedi dans cette premi\u00e8re journ\u00e9e de Liqui Moly Starligue, Aix, septi\u00e8me la saison pass\u00e9e recevait Chartres, douzi\u00e8me. Et, dans un match haletant o\u00f9 les \u00e9quipes se sont rendu coup pour coup, ce sont les joueurs de Chartres qui repartent \u00e0 la pause avec l&rsquo;avantage au score (14-16). Alors qu&rsquo;ils ont entam\u00e9 la seconde p\u00e9riode avec le m\u00eame rythme qu&rsquo;en fin de premi\u00e8re les joueurs de Chartres se font peur, mais r\u00e9ussissent tout de m\u00eame \u00e0 arracher une victoire finale gr\u00e2ce \u00e0 trois buts dans les tous derniers instants pour une belle premi\u00e8re victoire de cette saison (29-31).<\/p>\n<p>Enfin, le promu de cette saison dans l&rsquo;\u00e9lite du handball fran\u00e7ais, S\u00e9lestat est all\u00e9 accrocher dans un match \u00e0 rebondissement les derniers huiti\u00e8mes de la saison derni\u00e8re en Starligue, Limoges. Le promu a tr\u00e8s longuement men\u00e9 de trois buts \u00e0 diff\u00e9rents moments de cette rencontre. D&rsquo;abord \u00e0 la mi-temps, puis en milieu de seconde p\u00e9riode a vu Limoges revenir de deux buts dans la toute derni\u00e8re de cette rencontre pour accrocher le point du nul.<\/p>\n","protected":false},"excerpt":{"rendered":"Cl\u00e9ment Baudouin, Media365, publi\u00e9 le samedi 06 septembre 2025 \u00e0 22h50 Apr\u00e8s une journ\u00e9e de vendredi qui aura&hellip;\n","protected":false},"author":2,"featured_media":373999,"comment_status":"","ping_status":"","sticky":false,"template":"","format":"standard","meta":{"footnotes":""},"categories":[1888],"tags":[1111,1928,11,1927,1777,674,1011,27,12,1926,626,1925,25],"class_list":{"0":"post-373998","1":"post","2":"type-post","3":"status-publish","4":"format-standard","5":"has-post-thumbnail","7":"category-paris","8":"tag-actu","9":"tag-actu-paris","10":"tag-actualites","11":"tag-actualites-paris","12":"tag-eu","13":"tag-europe","14":"tag-fr","15":"tag-france","16":"tag-news","17":"tag-news-paris","18":"tag-paris","19":"tag-paris-news","20":"tag-republique-francaise"},"share_on_mastodon":{"url":"https:\/\/pubeurope.com\/@fr\/115165566294409737","error":""},"_links":{"self":[{"href":"https:\/\/www.europesays.com\/fr\/wp-json\/wp\/v2\/posts\/373998","targetHints":{"allow":["GET"]}}],"collection":[{"href":"https:\/\/www.europesays.com\/fr\/wp-json\/wp\/v2\/posts"}],"about":[{"href":"https:\/\/www.europesays.com\/fr\/wp-json\/wp\/v2\/types\/post"}],"author":[{"embeddable":true,"href":"https:\/\/www.europesays.com\/fr\/wp-json\/wp\/v2\/users\/2"}],"replies":[{"embeddable":true,"href":"https:\/\/www.europesays.com\/fr\/wp-json\/wp\/v2\/comments?post=373998"}],"version-history":[{"count":0,"href":"https:\/\/www.europesays.com\/fr\/wp-json\/wp\/v2\/posts\/373998\/revisions"}],"wp:featuredmedia":[{"embeddable":true,"href":"https:\/\/www.europesays.com\/fr\/wp-json\/wp\/v2\/media\/373999"}],"wp:attachment":[{"href":"https:\/\/www.europesays.com\/fr\/wp-json\/wp\/v2\/media?parent=373998"}],"wp:term":[{"taxonomy":"category","embeddable":true,"href":"https:\/\/www.europesays.com\/fr\/wp-json\/wp\/v2\/categories?post=373998"},{"taxonomy":"post_tag","embeddable":true,"href":"https:\/\/www.europesays.com\/fr\/wp-json\/wp\/v2\/tags?post=373998"}],"curies":[{"name":"wp","href":"https:\/\/api.w.org\/{rel}","templated":true}]}}