{"id":374000,"date":"2025-09-07T23:17:11","date_gmt":"2025-09-07T23:17:11","guid":{"rendered":"https:\/\/www.europesays.com\/fr\/374000\/"},"modified":"2025-09-07T23:17:11","modified_gmt":"2025-09-07T23:17:11","slug":"previsions-du-lundi-8-septembre-2025-4","status":"publish","type":"post","link":"https:\/\/www.europesays.com\/fr\/374000\/","title":{"rendered":"pr\u00e9visions du lundi 8 septembre 2025"},"content":{"rendered":"<p>Paris va \u00eatre inond\u00e9e de soleil durant cette journ\u00e9e. Les temp\u00e9ratures s&rsquo;\u00e9chelonneront de 17 \u00e0 25\u00b0C. Un vent de nord-ouest soufflera un peu, avec 10 km\/h. Les temp\u00e9ratures vont grimper pendant l&rsquo;apr\u00e8s-midi de plusieurs degr\u00e9s. Les valeurs seront comprises entre 24\u00b0C et 25\u00b0C. Une nuit claire vous attendra entre lundi et mardi.<\/p>\n<p>C&rsquo;est un soleil radieux qui va se montrer demain sur Paris. Une baisse des temp\u00e9ratures est pr\u00e9vue. Il fera en moyenne 20\u00b0C. Il va faire 19\u00b0C en moyenne le matin. Un modeste vent de nord sera ressenti par les habitants. Les temp\u00e9ratures vont conna\u00eetre une augmentation de plusieurs degr\u00e9s au cours de l&rsquo;apr\u00e8s-midi. Les valeurs s&rsquo;\u00e9chelonneront entre 23 et 24\u00b0C. Le ciel va l\u00e9g\u00e8rement se d\u00e9gager dans la soir\u00e9e avec des \u00e9claircies. Une brise d&rsquo;ouest soufflera doucement.<\/p>\n<p>La m\u00e9t\u00e9o des journ\u00e9es suivantes va changer peu \u00e0 peu. M\u00eame si le beau temps perdurera quelque peu mercredi, il faut pr\u00e9voir une d\u00e9gradation par la suite.<\/p>\n<p><\/p>\n","protected":false},"excerpt":{"rendered":"Paris va \u00eatre inond\u00e9e de soleil durant cette journ\u00e9e. Les temp\u00e9ratures s&rsquo;\u00e9chelonneront de 17 \u00e0 25\u00b0C. Un vent&hellip;\n","protected":false},"author":2,"featured_media":374001,"comment_status":"","ping_status":"","sticky":false,"template":"","format":"standard","meta":{"footnotes":""},"categories":[1888],"tags":[11,1777,674,1011,27,662,12,626,2119,25],"class_list":{"0":"post-374000","1":"post","2":"type-post","3":"status-publish","4":"format-standard","5":"has-post-thumbnail","7":"category-paris","8":"tag-actualites","9":"tag-eu","10":"tag-europe","11":"tag-fr","12":"tag-france","13":"tag-ile-de-france","14":"tag-news","15":"tag-paris","16":"tag-previsions-meteo","17":"tag-republique-francaise"},"share_on_mastodon":{"url":"https:\/\/pubeurope.com\/@fr\/115165570240370722","error":""},"_links":{"self":[{"href":"https:\/\/www.europesays.com\/fr\/wp-json\/wp\/v2\/posts\/374000","targetHints":{"allow":["GET"]}}],"collection":[{"href":"https:\/\/www.europesays.com\/fr\/wp-json\/wp\/v2\/posts"}],"about":[{"href":"https:\/\/www.europesays.com\/fr\/wp-json\/wp\/v2\/types\/post"}],"author":[{"embeddable":true,"href":"https:\/\/www.europesays.com\/fr\/wp-json\/wp\/v2\/users\/2"}],"replies":[{"embeddable":true,"href":"https:\/\/www.europesays.com\/fr\/wp-json\/wp\/v2\/comments?post=374000"}],"version-history":[{"count":0,"href":"https:\/\/www.europesays.com\/fr\/wp-json\/wp\/v2\/posts\/374000\/revisions"}],"wp:featuredmedia":[{"embeddable":true,"href":"https:\/\/www.europesays.com\/fr\/wp-json\/wp\/v2\/media\/374001"}],"wp:attachment":[{"href":"https:\/\/www.europesays.com\/fr\/wp-json\/wp\/v2\/media?parent=374000"}],"wp:term":[{"taxonomy":"category","embeddable":true,"href":"https:\/\/www.europesays.com\/fr\/wp-json\/wp\/v2\/categories?post=374000"},{"taxonomy":"post_tag","embeddable":true,"href":"https:\/\/www.europesays.com\/fr\/wp-json\/wp\/v2\/tags?post=374000"}],"curies":[{"name":"wp","href":"https:\/\/api.w.org\/{rel}","templated":true}]}}