{"id":374004,"date":"2025-09-07T23:19:15","date_gmt":"2025-09-07T23:19:15","guid":{"rendered":"https:\/\/www.europesays.com\/fr\/374004\/"},"modified":"2025-09-07T23:19:15","modified_gmt":"2025-09-07T23:19:15","slug":"avec-kolkhoze-emmanuel-carrere-mele-la-mort-de-sa-mere-et-la-guerre-en-ukraine-rts-ch","status":"publish","type":"post","link":"https:\/\/www.europesays.com\/fr\/374004\/","title":{"rendered":"Avec \u00ab\u00a0Kolkhoze\u00a0\u00bb, Emmanuel Carr\u00e8re m\u00eale la mort de sa m\u00e8re et la guerre en Ukraine &#8211; rts.ch"},"content":{"rendered":"<p>Emmanuel Carr\u00e8re est en lice pour le Goncourt avec \u00ab\u00a0Kolkhoze\u00a0\u00bb, o\u00f9 il entrem\u00eale deux histoires apparemment distinctes: la guerre en Ukraine et la mort de sa m\u00e8re, H\u00e9l\u00e8ne Carr\u00e8re d\u2019Encausse, historienne et femme politique fran\u00e7aise d&rsquo;origine russe et g\u00e9orgienne. De passage samedi au Livre sur les quais \u00e0 Morges, il confie au micro du 19h30 comment ces \u00e9v\u00e9nements se sont \u00ab\u00a0amalgam\u00e9s\u00a0\u00bb.<\/p>\n<p>Quand la guerre en Ukraine a commenc\u00e9, en f\u00e9vrier 2022, Emmanuel Carr\u00e8re ressent d&rsquo;abord le besoin d&rsquo;\u00e9crire l\u00e0-dessus, \u00ab\u00a0sans doute parce que j\u2019ai un rapport familial tr\u00e8s \u00e9troit avec la Russie\u00a0\u00bb. Mais il ne sait pas comment s&rsquo;y prendre. \u00ab\u00a0J\u2019ai commenc\u00e9 comme je le fais souvent: en faisant des reportages\u00a0\u00bb, raconte-t-il dimanche au micro du 19h30.<\/p>\n<p>C&rsquo;est alors que <a href=\"https:\/\/www.rts.ch\/info\/monde\/14221856-lacademicienne-helene-carrere-dencausse-est-morte-a-lage-de-94-ans.html\" data-item-id=\"richtext_link\" target=\"_blank\" rel=\"noopener\">sa m\u00e8re, <\/a><a href=\"https:\/\/www.rts.ch\/info\/monde\/14221856-lacademicienne-helene-carrere-dencausse-est-morte-a-lage-de-94-ans.html\" data-item-id=\"richtext_link\" target=\"_blank\" rel=\"noopener\">H\u00e9l\u00e8ne Carr\u00e8re d\u2019Encausse, premi\u00e8re femme \u00e0 la t\u00eate de l&rsquo;Acad\u00e9mie fran\u00e7aise et grande sp\u00e9cialiste de la Rusie,<a href=\"https:\/\/www.rts.ch\/info\/monde\/14221856-lacademicienne-helene-carrere-dencausse-est-morte-a-lage-de-94-ans.html\" data-item-id=\"richtext_link\" target=\"_blank\" rel=\"noopener\"> meurt en ao\u00fbt 2023. Sa disparition, puis celle de son p\u00e8re quelque temps apr\u00e8s, a ouvert pour lui une p\u00e9riode de deuil. \u00ab\u00a0M\u00eame \u00e0 67 ans, on se retrouve orphelin, en premi\u00e8re ligne, \u00e0 une autre place dans la cha\u00eene des g\u00e9n\u00e9rations.\u00a0\u00bb Et en m\u00eame temps, poursuit-il, il \u00e9tait conscient d&rsquo;\u00eatre au coeur d&rsquo;un \u00e9v\u00e9nement historique majeur. \u00ab\u00a0Cela a donn\u00e9 un livre \u00e0 la fois tr\u00e8s intime et inscrit dans l\u2019histoire de la Russie et de l\u2019Europe sur un si\u00e8cle.\u00a0\u00bb<\/p>\n<p>Son livre explore le lien presque visc\u00e9ral qu&rsquo;il entretient avec la Russie, une passion h\u00e9rit\u00e9e de sa m\u00e8re, mais aujourd&rsquo;hui mise \u00e0 mal. \u00ab\u00a0La Russie est une histoire de famille pour le meilleur et pour le pire\u00a0\u00bb, \u00e9crit-il notamment \u00e0 ce sujet. \u00ab\u00a0Et actuellement, c\u2019est le pire visage de la Russie qui se montre. Pour moi, beaucoup de choses qui avaient un signe positif, comme la culture russe ou l&rsquo;\u00e2me russe, prennent un coup terrible. Cette sentimentalit\u00e9 perdue en m\u00eame temps brutale, qui m&rsquo;a toujours fascin\u00e9, se r\u00e9v\u00e8le aujourd\u2019hui sous son aspect le plus affreux.\u00a0\u00bb<\/p>\n<p> &gt;&gt; Voir aussi le sujet du 19h30 sur Kolkhoze\u00a0:   <img decoding=\"async\" class=\"embed-responsive-item\" loading=\"lazy\" src=\"https:\/\/www.europesays.com\/fr\/wp-content\/uploads\/2025\/09\/3n4rzp-28991676.image\" alt=\"Emmanuel Carr\u00e8re \u00e9voque l'histoire de sa m\u00e8re dans Kolkhoze\"\/>    Emmanuel Carr\u00e8re \u00e9voque l&rsquo;histoire de sa m\u00e8re dans Kolkhoze \/ 19h30 \/ 1 min. \/ hier \u00e0 19:30 Refus d&rsquo;une \u00ab\u00a0pens\u00e9e trop syst\u00e9matique\u00a0\u00bb<\/p>\n<p>L&rsquo;\u00e9crivain refuse toutefois d&rsquo;adopter une \u00ab\u00a0pens\u00e9e trop syst\u00e9matique\u00a0\u00bb, \u00ab\u00a0celle que peuvent avoir mes amis ukrainiens, mais eux en ont le droit\u00a0\u00bb. Lui veut absolument continuer \u00e0 chercher des nuances et ne veut pas rejeter toute la culture russe.<\/p>\n<p>Sa m\u00e8re, elle, n&rsquo;avait pas pr\u00e9vu l&rsquo;invasion. Quelques jours avant la guerre, sur un plateau de t\u00e9l\u00e9vision, elle affirmait que Vladimir Poutine \u00ab\u00a0n&rsquo;envahirait pas l&rsquo;Ukraine, il n&rsquo;est pas fou\u00a0\u00bb. \u00ab\u00a0Comme beaucoup, elle lui pr\u00eatait une rationalit\u00e9 de realpolitik\u00a0\u00bb, analyse aujourd\u2019hui son fils. \u00ab\u00a0Or la Russie a transgress\u00e9 toutes les r\u00e8gles admises du jeu international\u00a0\u00bb, d\u00e9plore-t-il.<\/p>\n<p>Mais l&rsquo;Europe, selon lui, a \u00e9galement failli, en manquant plusieurs occasions: la guerre en G\u00e9orgie en 2008, l\u2019annexion de la Crim\u00e9e en 2014. \u00ab\u00a0Elle s&rsquo;est content\u00e9e de dire &lsquo;ce n&rsquo;est pas bien&rsquo;, sans poser de limite. Elle s&rsquo;est laiss\u00e9e mettre devant le fait accompli.\u00a0\u00bb Une faiblesse qui, selon lui, a ouvert la voie \u00e0 l\u2019invasion de 2022.<\/p>\n<p>Quant au peuple russe, il reste difficile \u00e0 sonder. \u00ab\u00a0Les sondages n&rsquo;ont aucune valeur (&#8230;). Il est p\u00e9nalement interdit de dire quoi que ce soit contre cette \u00ab\u00a0op\u00e9ration militaire sp\u00e9ciale\u00a0\u00bb qu&rsquo;on n&rsquo;a pas le droit d&rsquo;appeler guerre.\u00a0\u00bb Selon lui, on peut imaginer 10 \u00e0 20% de partisans convaincus, 10% d\u2019opposants, et \u00ab\u00a070 \u00e0 80% qui attendent que \u00e7a passe, en se disant qu&rsquo;il ne faut ni avoir de rapports avec le pouvoir, ni se m\u00ealer de politique, parce que c&rsquo;est dangereux\u00a0\u00bb.<\/p>\n<p>Grande admiration pour sa m\u00e8re<\/p>\n<p>Kolkhoze n&rsquo;est pas seulement une r\u00e9flexion sur la Russie contemporaine, mais aussi et surtout un portrait filial. Emmanuel Carr\u00e8re y trace la trajectoire de sa m\u00e8re, fille d&rsquo;immigr\u00e9s russes et g\u00e9orgiens. Le r\u00e9cit, plein d&rsquo;admiration, n&rsquo;efface pas les zones d&rsquo;ombre. Dans \u00ab\u00a0Kolkhoze\u00a0\u00bb, on apprend tout de cette femme: son origine aristocratique, son aventure extra-conjugale, son habitude de dormir sur un canap\u00e9.\u00a0<\/p>\n<p>\u00ab\u00a0Si vous faites un portrait, vous ne pouvez pas transformer vos personnages en saints. Il faut les ombres du portrait, raconter ce qui fait leur singularit\u00e9\u00a0\u00bb, estime-t-il. Mais il souligne aussi la grandeur de sa m\u00e8re jusqu&rsquo;\u00e0 la fin: \u00ab\u00a0Elle a eu une mort magnifique, pleine de dignit\u00e9. J&rsquo;ai \u00e9crit dans une forme d&rsquo;admiration, comme si cette mort venait couronner une vie. Ce r\u00e9cit, avec ses ombres et ses lumi\u00e8res, baigne dans cette lumi\u00e8re-l\u00e0\u00a0\u00bb.<\/p>\n<p class=\"sources\">Propos recueillis par Jennifer Covo<\/p>\n<p class=\"credit\">Texte pour le web: Fabien Grenon<\/p>\n","protected":false},"excerpt":{"rendered":"Emmanuel Carr\u00e8re est en lice pour le Goncourt avec \u00ab\u00a0Kolkhoze\u00a0\u00bb, o\u00f9 il entrem\u00eale deux histoires apparemment distinctes: la&hellip;\n","protected":false},"author":2,"featured_media":374005,"comment_status":"","ping_status":"","sticky":false,"template":"","format":"standard","meta":{"footnotes":""},"categories":[1591],"tags":[11,327,1693,2120,3576,3983,2005,37687,2087,1887,38031,1146,3577,937,43503,50695,1351,1380,5875,12,9026,1885,1886,132,104,17938],"class_list":{"0":"post-374004","1":"post","2":"type-post","3":"status-publish","4":"format-standard","5":"has-post-thumbnail","7":"category-russie","8":"tag-actualites","9":"tag-agriculture","10":"tag-arts-et-divertissement","11":"tag-conflit","12":"tag-conflit-arme","13":"tag-deces","14":"tag-ecrivain","15":"tag-emmanuel-carrere","16":"tag-evenement","17":"tag-federation-de-russie","18":"tag-fin-de-vie-et-mort","19":"tag-guerre","20":"tag-guerre-et-paix","21":"tag-histoire","22":"tag-invasion-de-lukraine-par-la-russie-en-2022","23":"tag-kolkhoze","24":"tag-litterature","25":"tag-livres","26":"tag-mere","27":"tag-news","28":"tag-portrait","29":"tag-russia","30":"tag-russian-federation","31":"tag-russie","32":"tag-societe","33":"tag-valeurs"},"share_on_mastodon":{"url":"https:\/\/pubeurope.com\/@fr\/115165578599469388","error":""},"_links":{"self":[{"href":"https:\/\/www.europesays.com\/fr\/wp-json\/wp\/v2\/posts\/374004","targetHints":{"allow":["GET"]}}],"collection":[{"href":"https:\/\/www.europesays.com\/fr\/wp-json\/wp\/v2\/posts"}],"about":[{"href":"https:\/\/www.europesays.com\/fr\/wp-json\/wp\/v2\/types\/post"}],"author":[{"embeddable":true,"href":"https:\/\/www.europesays.com\/fr\/wp-json\/wp\/v2\/users\/2"}],"replies":[{"embeddable":true,"href":"https:\/\/www.europesays.com\/fr\/wp-json\/wp\/v2\/comments?post=374004"}],"version-history":[{"count":0,"href":"https:\/\/www.europesays.com\/fr\/wp-json\/wp\/v2\/posts\/374004\/revisions"}],"wp:featuredmedia":[{"embeddable":true,"href":"https:\/\/www.europesays.com\/fr\/wp-json\/wp\/v2\/media\/374005"}],"wp:attachment":[{"href":"https:\/\/www.europesays.com\/fr\/wp-json\/wp\/v2\/media?parent=374004"}],"wp:term":[{"taxonomy":"category","embeddable":true,"href":"https:\/\/www.europesays.com\/fr\/wp-json\/wp\/v2\/categories?post=374004"},{"taxonomy":"post_tag","embeddable":true,"href":"https:\/\/www.europesays.com\/fr\/wp-json\/wp\/v2\/tags?post=374004"}],"curies":[{"name":"wp","href":"https:\/\/api.w.org\/{rel}","templated":true}]}}