{"id":374020,"date":"2025-09-07T23:27:12","date_gmt":"2025-09-07T23:27:12","guid":{"rendered":"https:\/\/www.europesays.com\/fr\/374020\/"},"modified":"2025-09-07T23:27:12","modified_gmt":"2025-09-07T23:27:12","slug":"presnel-kimpembe-fait-ses-adieux-emouvants-au-psg","status":"publish","type":"post","link":"https:\/\/www.europesays.com\/fr\/374020\/","title":{"rendered":"Presnel Kimpembe fait ses adieux \u00e9mouvants au PSG"},"content":{"rendered":"<p>Apr\u00e8s vingt ans pass\u00e9s au <a href=\"https:\/\/www.footmercato.net\/club\/psg\/\" rel=\"nofollow noopener\" target=\"_blank\">Paris Saint-Germain<\/a>, <a href=\"https:\/\/www.footmercato.net\/joueur\/presnel-kimpembe\/\" rel=\"nofollow noopener\" target=\"_blank\">Presnel Kimpembe<\/a> tourne la page. Le d\u00e9fenseur central, arriv\u00e9 au club en 2005 \u00e0 seulement dix ans, a officiellement quitt\u00e9 son club de toujours pour s\u2019engager avec le Qatar Sports Club ce dimanche. Dans une vid\u00e9o pleine d\u2019\u00e9motion adress\u00e9e aux supporters et relay\u00e9e sur ses r\u00e9seaux sociaux, le Champion du Monde 2018 a dit adieu au Parc des Princes avec des mots forts : \u00ab salut la famille, peuple parisien. Une nouvelle page s\u2019\u00e9crit, une autre se tourne. Je suis tr\u00e8s fier d\u2019avoir fait partie de cette grande famille du Paris Saint-Germain. \u00c7a a \u00e9t\u00e9 un honneur de d\u00e9fendre ces couleurs pendant tant d\u2019ann\u00e9es. Il y a eu des combats, des joies, des r\u00e9ussites, des \u00e9motions incroyables et de tr\u00e8s belles rencontres. \u00bb<\/p>\n<p>            La suite apr\u00e8s cette publicit\u00e9<\/p>\n<p>Le \u00ab Titi \u00bb parisien n\u2019a pas oubli\u00e9 de remercier toutes les composantes du club, du staff \u00e0 ses co\u00e9quipiers, en passant par le pr\u00e9sident. Mais ce sont surtout les supporters qui occupent une place centrale dans son message d\u2019adieu : \u00ab un immense merci aussi aux supporters : sans vous, nous ne sommes rien. C\u2019\u00e9tait un honneur de vivre ces moments avec vous, que ce soit au Parc des Princes ou \u00e0 l\u2019ext\u00e9rieur. \u00bb Presko a \u00e9galement eu une pens\u00e9e particuli\u00e8re pour la Fondation PSG, dont il a \u00e9t\u00e9 le parrain : \u00ab aux \u00e9ducateurs, encadrants et enfants, je veux dire que vous \u00eates magiques. Continuez de croire en vos r\u00eaves, je vous souhaite le meilleur pour l\u2019avenir. \u00bb<\/p>\n<p>            La suite apr\u00e8s cette publicit\u00e9<\/p>\n<p>        21 troph\u00e9es remport\u00e9s en Rouge et Bleu<\/p>\n<p>Le d\u00e9fenseur de 30 ans s\u2019en va avec un palmar\u00e8s exceptionnel : 21 troph\u00e9es remport\u00e9s avec le PSG \u2014 8 titres de <a href=\"https:\/\/www.footmercato.net\/france\/ligue-1\/\" rel=\"nofollow noopener\" target=\"_blank\">Ligue 1<\/a>, 5 Troph\u00e9es des Champions, 4 Coupes de France, 3 Coupes de la Ligue et notamment la Ligue des Champions, soulev\u00e9e en 2025. Form\u00e9 dans l\u2019ombre de Thiago Silva et Marquinhos, Kimpembe a su s\u2019imposer avec patience et travail, jusqu\u2019\u00e0 devenir capitaine adjoint et leader du vestiaire au fil du temps. Sa carri\u00e8re au PSG restera marqu\u00e9e par ce match fondateur contre le Bar\u00e7a en f\u00e9vrier 2017, o\u00f9 il avait musel\u00e9 Lionel Messi pour sa premi\u00e8re en C1, avant d\u2019\u00eatre sacr\u00e9 Champion du Monde un an plus tard avec l\u2019\u00e9quipe de France.<\/p>\n<p>Rattrap\u00e9 par une grave blessure au tendon d\u2019Achille en f\u00e9vrier 2023, il n\u2019a jamais r\u00e9ussi \u00e0 retrouver sa place dans le onze de Luis Enrique. Malgr\u00e9 tout, voir Kimpembe soulever la Ligue des Champions l\u2019an dernier, m\u00eame sans avoir grandement contribu\u00e9 sur le terrain, a offert une fin symbolique \u00e0 son aventure parisienne. Lui-m\u00eame conclut son message avec une belle promesse : \u00ab ce n\u2019est qu\u2019un au revoir, on se reverra bient\u00f4t. Merci \u00e0 tous, bon courage, et \u00e0 tr\u00e8s vite. \u00bb Un chapitre se ferme, mais l\u2019histoire de Presnel Kimpembe avec le PSG restera \u00e9ternelle.<\/p>\n<p>\n    Pub. le 07\/09\/2025 17:30<br \/>\n            &#8211; MAJ le 08\/09\/2025 00:20\n    <\/p>\n","protected":false},"excerpt":{"rendered":"Apr\u00e8s vingt ans pass\u00e9s au Paris Saint-Germain, Presnel Kimpembe tourne la page. Le d\u00e9fenseur central, arriv\u00e9 au club&hellip;\n","protected":false},"author":2,"featured_media":374021,"comment_status":"","ping_status":"","sticky":false,"template":"","format":"standard","meta":{"footnotes":""},"categories":[2],"tags":[11,1011,27,12,25],"class_list":{"0":"post-374020","1":"post","2":"type-post","3":"status-publish","4":"format-standard","5":"has-post-thumbnail","7":"category-actualites","8":"tag-actualites","9":"tag-fr","10":"tag-france","11":"tag-news","12":"tag-republique-francaise"},"share_on_mastodon":{"url":"https:\/\/pubeurope.com\/@fr\/115165609689027252","error":""},"_links":{"self":[{"href":"https:\/\/www.europesays.com\/fr\/wp-json\/wp\/v2\/posts\/374020","targetHints":{"allow":["GET"]}}],"collection":[{"href":"https:\/\/www.europesays.com\/fr\/wp-json\/wp\/v2\/posts"}],"about":[{"href":"https:\/\/www.europesays.com\/fr\/wp-json\/wp\/v2\/types\/post"}],"author":[{"embeddable":true,"href":"https:\/\/www.europesays.com\/fr\/wp-json\/wp\/v2\/users\/2"}],"replies":[{"embeddable":true,"href":"https:\/\/www.europesays.com\/fr\/wp-json\/wp\/v2\/comments?post=374020"}],"version-history":[{"count":0,"href":"https:\/\/www.europesays.com\/fr\/wp-json\/wp\/v2\/posts\/374020\/revisions"}],"wp:featuredmedia":[{"embeddable":true,"href":"https:\/\/www.europesays.com\/fr\/wp-json\/wp\/v2\/media\/374021"}],"wp:attachment":[{"href":"https:\/\/www.europesays.com\/fr\/wp-json\/wp\/v2\/media?parent=374020"}],"wp:term":[{"taxonomy":"category","embeddable":true,"href":"https:\/\/www.europesays.com\/fr\/wp-json\/wp\/v2\/categories?post=374020"},{"taxonomy":"post_tag","embeddable":true,"href":"https:\/\/www.europesays.com\/fr\/wp-json\/wp\/v2\/tags?post=374020"}],"curies":[{"name":"wp","href":"https:\/\/api.w.org\/{rel}","templated":true}]}}