{"id":374024,"date":"2025-09-07T23:30:13","date_gmt":"2025-09-07T23:30:13","guid":{"rendered":"https:\/\/www.europesays.com\/fr\/374024\/"},"modified":"2025-09-07T23:30:13","modified_gmt":"2025-09-07T23:30:13","slug":"championnat-du-monde-feminin-de-volley-litalie-sacree-championne-du-monde-les-yellow-tigers-11e","status":"publish","type":"post","link":"https:\/\/www.europesays.com\/fr\/374024\/","title":{"rendered":"Championnat du monde f\u00e9minin de volley &#8211; L&rsquo;Italie sacr\u00e9e championne du monde, les Yellow Tigers 11e"},"content":{"rendered":"<p><img decoding=\"async\" class=\"w-full object-contain\" style=\"aspect-ratio:150 \/ 100;opacity:1\" alt=\"Championnat du monde f\u00e9minin de volley - L'Italie sacr\u00e9e championne du monde, les Yellow Tigers 11e\" width=\"512\" height=\"341\" fetchpriority=\"high\" src=\"https:\/\/www.europesays.com\/fr\/wp-content\/uploads\/2025\/09\/IRC3QJY755DJFKJ27WZ4DKVXRU.jpg\"  \/><\/p>\n<p class=\"ap-StoryElement ap-StoryElement--mb ap-StoryText\">La m\u00e9daille de bronze est revenue au Br\u00e9sil (FIVB 2) qui a \u00e9merg\u00e9 3-2 en conclusion de la petite finale face au Japon (FIVB 5) 25-12, 25-17, 19-25, 27-29, 18-16. Les Sud-Am\u00e9ricaines avaient d\u00e9j\u00e0 obtenu le bronze aux JO de Paris.<\/p>\n<p class=\"ap-StoryElement ap-StoryElement--mb ap-StoryText\">L&rsquo;Italie succ\u00e8de au palmar\u00e8s \u00e0 la Serbie (FIVB 9) qui avait battu le Br\u00e9sil en final en 2022 \u00e0 Apeldoorn aux Pays-Bas. Les Transalpines s&rsquo;\u00e9taient alors class\u00e9es 3e. Il s&rsquo;agit du 2e titre mondial des Italiennes, 23 ans apr\u00e8s le premier remport\u00e9 en 2002 \u00e0 Berlin gr\u00e2ce \u00e0 leur victoire 3-2 face aux Am\u00e9ricaines.<\/p>\n","protected":false},"excerpt":{"rendered":"La m\u00e9daille de bronze est revenue au Br\u00e9sil (FIVB 2) qui a \u00e9merg\u00e9 3-2 en conclusion de la&hellip;\n","protected":false},"author":2,"featured_media":2837,"comment_status":"","ping_status":"","sticky":false,"template":"","format":"standard","meta":{"footnotes":""},"categories":[1417],"tags":[1011,27,60,1470,1469],"class_list":{"0":"post-374024","1":"post","2":"type-post","3":"status-publish","4":"format-standard","5":"has-post-thumbnail","7":"category-volley","8":"tag-fr","9":"tag-france","10":"tag-sports","11":"tag-volley","12":"tag-volleyball"},"share_on_mastodon":{"url":"https:\/\/pubeurope.com\/@fr\/115165621727553833","error":""},"_links":{"self":[{"href":"https:\/\/www.europesays.com\/fr\/wp-json\/wp\/v2\/posts\/374024","targetHints":{"allow":["GET"]}}],"collection":[{"href":"https:\/\/www.europesays.com\/fr\/wp-json\/wp\/v2\/posts"}],"about":[{"href":"https:\/\/www.europesays.com\/fr\/wp-json\/wp\/v2\/types\/post"}],"author":[{"embeddable":true,"href":"https:\/\/www.europesays.com\/fr\/wp-json\/wp\/v2\/users\/2"}],"replies":[{"embeddable":true,"href":"https:\/\/www.europesays.com\/fr\/wp-json\/wp\/v2\/comments?post=374024"}],"version-history":[{"count":0,"href":"https:\/\/www.europesays.com\/fr\/wp-json\/wp\/v2\/posts\/374024\/revisions"}],"wp:featuredmedia":[{"embeddable":true,"href":"https:\/\/www.europesays.com\/fr\/wp-json\/wp\/v2\/media\/2837"}],"wp:attachment":[{"href":"https:\/\/www.europesays.com\/fr\/wp-json\/wp\/v2\/media?parent=374024"}],"wp:term":[{"taxonomy":"category","embeddable":true,"href":"https:\/\/www.europesays.com\/fr\/wp-json\/wp\/v2\/categories?post=374024"},{"taxonomy":"post_tag","embeddable":true,"href":"https:\/\/www.europesays.com\/fr\/wp-json\/wp\/v2\/tags?post=374024"}],"curies":[{"name":"wp","href":"https:\/\/api.w.org\/{rel}","templated":true}]}}