{"id":374025,"date":"2025-09-07T23:31:09","date_gmt":"2025-09-07T23:31:09","guid":{"rendered":"https:\/\/www.europesays.com\/fr\/374025\/"},"modified":"2025-09-07T23:31:09","modified_gmt":"2025-09-07T23:31:09","slug":"on-respecte-trop-ces-mecs","status":"publish","type":"post","link":"https:\/\/www.europesays.com\/fr\/374025\/","title":{"rendered":"\u00ab\u00a0On respecte trop ces mecs\u00a0\u00bb"},"content":{"rendered":"\n<p class=\"Paragraph__content\" data-v-e14a34bc=\"\"><b>Christophe Urios, manager de Clermont\u00a0:<\/b>\u00ab\u00a0C&rsquo;est un match contre Toulouse et encore une fois, \u00e7a fait 0 point. \u00c7a veut dire que sur le plan comptable, on n&rsquo;a pas progress\u00e9 depuis deux ans. Si on prend un peu de recul et de hauteur, je trouve que sur l&rsquo;ensemble du match, il y a plein de choses qu&rsquo;on ne fait pas bien. En premi\u00e8re mi-temps, on respecte trop ces mecs, moins en deuxi\u00e8me. On est tr\u00e8s mal sorti de notre camp aussi en premi\u00e8re p\u00e9riode, on a quasiment jou\u00e9 tout le temps dans nos\u00a030 m\u00e8tres, parce qu&rsquo;on a \u00e9t\u00e9 contr\u00e9, parce qu&rsquo;on a mal g\u00e9r\u00e9 le coup d&rsquo;envoi, parce qu&rsquo;on a pris des p\u00e9nalit\u00e9s, c&rsquo;\u00e9tait compliqu\u00e9. Apr\u00e8s, il y a trop d&rsquo;erreurs individuelles. Il y a trop de plaquages manqu\u00e9s ou subis. \u00c0 24-24, je pensais qu&rsquo;on allait gagner le match. On \u00e9tait mieux, mais \u00e0 chaque fois qu&rsquo;on revenait, on reprenait 5 points en suivant. On a \u00e9t\u00e9 courageux, l&rsquo;\u00e9tat d&rsquo;esprit \u00e9tait remarquable, il faut continuer \u00e0 travailler l\u00e0-dessus. J&rsquo;aurais bien aim\u00e9 qu&rsquo;on prenne un point, on l&rsquo;aurait m\u00e9rit\u00e9. Harry Plummer\u00a0? Il a fait ce qu&rsquo;il a pu dans une \u00e9quipe domin\u00e9e. En seconde p\u00e9riode je l&rsquo;ai trouv\u00e9 mieux, il a fait un bon premier match.\u00a0\u00bb<\/p>\n<p class=\"Paragraph__content\" data-v-e14a34bc=\"\"><b>Ugo Mola, manager de Toulouse\u00a0:<\/b>\u00ab\u00a0Sur le caract\u00e8re, l&rsquo;intensit\u00e9 et la capacit\u00e9 \u00e0 ne pas l\u00e2cher, c&rsquo;est tr\u00e8s bien. On savait qu&rsquo;ils allaient \u00eatre tr\u00e8s agressifs, ils se pr\u00e9paraient depuis six ou huit semaines, on savait que le contexte serait terrible sur l&rsquo;impact physique. Malheureusement, on perd trois rucks en l&rsquo;espace d&rsquo;un quart d&rsquo;heure. Au final, pourtant, en premi\u00e8re p\u00e9riode, on entre 13 fois dans leur zone de marque quand eux n&rsquo;y viennent que trois fois. Il en manque sur la strat\u00e9gie et sur le rugby, mais sur le caract\u00e8re et l&rsquo;\u00e9tat d&rsquo;esprit, il n&rsquo;y a rien \u00e0 redire. On sentait qu&rsquo;on n&rsquo;\u00e9tait pas loin de pouvoir tuer le match et de revenir avec plus que 4 points, mais je ne suis pas s\u00fbr que tout le monde vienne gagner \u00e0 Clermont, donc on va se contenter de ces 4 points et pr\u00e9parer le match contre Perpignan de samedi prochain.\u00a0\u00bb<\/p>\n","protected":false},"excerpt":{"rendered":"Christophe Urios, manager de Clermont\u00a0:\u00ab\u00a0C&rsquo;est un match contre Toulouse et encore une fois, \u00e7a fait 0 point. \u00c7a&hellip;\n","protected":false},"author":2,"featured_media":374026,"comment_status":"","ping_status":"","sticky":false,"template":"","format":"standard","meta":{"footnotes":""},"categories":[1416],"tags":[1011,27,479,1468,60],"class_list":{"0":"post-374025","1":"post","2":"type-post","3":"status-publish","4":"format-standard","5":"has-post-thumbnail","7":"category-rugby","8":"tag-fr","9":"tag-france","10":"tag-rugby","11":"tag-rugby-football","12":"tag-sports"},"share_on_mastodon":{"url":"https:\/\/pubeurope.com\/@fr\/115165625208292696","error":""},"_links":{"self":[{"href":"https:\/\/www.europesays.com\/fr\/wp-json\/wp\/v2\/posts\/374025","targetHints":{"allow":["GET"]}}],"collection":[{"href":"https:\/\/www.europesays.com\/fr\/wp-json\/wp\/v2\/posts"}],"about":[{"href":"https:\/\/www.europesays.com\/fr\/wp-json\/wp\/v2\/types\/post"}],"author":[{"embeddable":true,"href":"https:\/\/www.europesays.com\/fr\/wp-json\/wp\/v2\/users\/2"}],"replies":[{"embeddable":true,"href":"https:\/\/www.europesays.com\/fr\/wp-json\/wp\/v2\/comments?post=374025"}],"version-history":[{"count":0,"href":"https:\/\/www.europesays.com\/fr\/wp-json\/wp\/v2\/posts\/374025\/revisions"}],"wp:featuredmedia":[{"embeddable":true,"href":"https:\/\/www.europesays.com\/fr\/wp-json\/wp\/v2\/media\/374026"}],"wp:attachment":[{"href":"https:\/\/www.europesays.com\/fr\/wp-json\/wp\/v2\/media?parent=374025"}],"wp:term":[{"taxonomy":"category","embeddable":true,"href":"https:\/\/www.europesays.com\/fr\/wp-json\/wp\/v2\/categories?post=374025"},{"taxonomy":"post_tag","embeddable":true,"href":"https:\/\/www.europesays.com\/fr\/wp-json\/wp\/v2\/tags?post=374025"}],"curies":[{"name":"wp","href":"https:\/\/api.w.org\/{rel}","templated":true}]}}