{"id":374027,"date":"2025-09-07T23:34:18","date_gmt":"2025-09-07T23:34:18","guid":{"rendered":"https:\/\/www.europesays.com\/fr\/374027\/"},"modified":"2025-09-07T23:34:18","modified_gmt":"2025-09-07T23:34:18","slug":"le-titre-se-joue-a-trois","status":"publish","type":"post","link":"https:\/\/www.europesays.com\/fr\/374027\/","title":{"rendered":"le titre se joue \u00e0 trois"},"content":{"rendered":"<p>&#13;<\/p>\n<p><strong>Marc Marquez, Alex Marquez et Francesco Bagnaia sont d\u00e9sormais les seuls \u00e0 pouvoir encore pr\u00e9tendre \u00e0 la couronne cette ann\u00e9e. <\/strong><\/p>\n<p>\u00c0 l\u2019issue du Grand Prix de Catalogne, ils ne sont plus que trois \u00e0 pouvoir math\u00e9matiquement viser la couronne mondiale. Leader du championnat, Marc Marquez compte 182 points d\u2019avance sur son fr\u00e8re Alex, deuxi\u00e8me. Francesco Bagnaia, troisi\u00e8me, accuse lui 250 unit\u00e9s de retard. Il reste 259 points \u00e0 distribuer d\u2019ici la finale \u00e0 Valence.<\/p>\n<p>Marco Bezzecchi, distanc\u00e9 de 290 points apr\u00e8s un week-end vierge \u00e0 Barcelone, sort donc officiellement de la course au titre. La lutte pour la couronne MotoGP 2025 se jouera donc entre les deux fr\u00e8res Marquez et le dauphin de Jorge Martin l&rsquo;an dernier. <\/p>\n<p>&#13;<br \/>\n           &#13;<br \/>\n&#13;<br \/>\n    &#13;<br \/>\n    &#13;<\/p>\n","protected":false},"excerpt":{"rendered":"&#13; Marc Marquez, Alex Marquez et Francesco Bagnaia sont d\u00e9sormais les seuls \u00e0 pouvoir encore pr\u00e9tendre \u00e0 la&hellip;\n","protected":false},"author":2,"featured_media":374028,"comment_status":"","ping_status":"","sticky":false,"template":"","format":"standard","meta":{"footnotes":""},"categories":[1413],"tags":[1011,27,1457,1456,60],"class_list":{"0":"post-374027","1":"post","2":"type-post","3":"status-publish","4":"format-standard","5":"has-post-thumbnail","7":"category-moto","8":"tag-fr","9":"tag-france","10":"tag-moto","11":"tag-motocycle","12":"tag-sports"},"share_on_mastodon":{"url":"https:\/\/pubeurope.com\/@fr\/115165637104970345","error":""},"_links":{"self":[{"href":"https:\/\/www.europesays.com\/fr\/wp-json\/wp\/v2\/posts\/374027","targetHints":{"allow":["GET"]}}],"collection":[{"href":"https:\/\/www.europesays.com\/fr\/wp-json\/wp\/v2\/posts"}],"about":[{"href":"https:\/\/www.europesays.com\/fr\/wp-json\/wp\/v2\/types\/post"}],"author":[{"embeddable":true,"href":"https:\/\/www.europesays.com\/fr\/wp-json\/wp\/v2\/users\/2"}],"replies":[{"embeddable":true,"href":"https:\/\/www.europesays.com\/fr\/wp-json\/wp\/v2\/comments?post=374027"}],"version-history":[{"count":0,"href":"https:\/\/www.europesays.com\/fr\/wp-json\/wp\/v2\/posts\/374027\/revisions"}],"wp:featuredmedia":[{"embeddable":true,"href":"https:\/\/www.europesays.com\/fr\/wp-json\/wp\/v2\/media\/374028"}],"wp:attachment":[{"href":"https:\/\/www.europesays.com\/fr\/wp-json\/wp\/v2\/media?parent=374027"}],"wp:term":[{"taxonomy":"category","embeddable":true,"href":"https:\/\/www.europesays.com\/fr\/wp-json\/wp\/v2\/categories?post=374027"},{"taxonomy":"post_tag","embeddable":true,"href":"https:\/\/www.europesays.com\/fr\/wp-json\/wp\/v2\/tags?post=374027"}],"curies":[{"name":"wp","href":"https:\/\/api.w.org\/{rel}","templated":true}]}}