{"id":374031,"date":"2025-09-07T23:36:11","date_gmt":"2025-09-07T23:36:11","guid":{"rendered":"https:\/\/www.europesays.com\/fr\/374031\/"},"modified":"2025-09-07T23:36:11","modified_gmt":"2025-09-07T23:36:11","slug":"gregoire-grand-vainqueur-alaphilippe-3e","status":"publish","type":"post","link":"https:\/\/www.europesays.com\/fr\/374031\/","title":{"rendered":"Gr\u00e9goire grand vainqueur, Alaphilippe 3e"},"content":{"rendered":"<p class=\"date\">\n                                                            Faraj Benlahoucine, Media365, publi\u00e9 le dimanche 07 septembre 2025 \u00e0 18h58\n                                                    <\/p>\n<p>Romain Gr\u00e9goire a remport\u00e9 le classement g\u00e9n\u00e9ral du Tour de Grande-Bretagne devant deux grands noms du cyclisme, Remco Evenepoel et Julian Alaphilippe. La derni\u00e8re \u00e9tape est revenue \u00e0 Olav Kooij, vainqueur au sprint \u00e0 Cardiff.<\/p>\n<p>La derni\u00e8re \u00e9tape du Tour de Grande-Bretagne s&rsquo;est disput\u00e9e ce dimanche au pays de Galles entre Newport et Cardiff o\u00f9 l&rsquo;\u00e9motion a \u00e9t\u00e9 particuli\u00e8rement palpable. M\u00eame le ciel a pleur\u00e9 le local, Geraint Thomas (Ineos Grenadiers), qui a pris part \u00e0 39 ans \u00e0 sa derni\u00e8re course sur le circuit professionnel. Respect\u00e9 au sein du peloton, le vainqueur du Tour de France 2018 a eu droit \u00e0 une haie d&rsquo;honneur, les v\u00e9los de ses pairs dress\u00e9s. Sur le plan sportif, le Gallois a \u00e9t\u00e9 t\u00e9moin de la seconde place de son co\u00e9quipier Samuel Watson \u00e0 l&rsquo;arriv\u00e9e, derri\u00e8re le sprinteur le plus en forme de cette \u00e9dition : Olav Kooij (Visma-Lease a Bike).<\/p>\n<p>Gr\u00e9goire \u00e9toffe son palmar\u00e8s<\/p>\n<p>Vainqueur de deux \u00e9tapes auparavant, le N\u00e9erlandais a une nouvelle fois fait une d\u00e9monstration de force, dominant avec autorit\u00e9 le sprint final. Le Britannique Fred Wright (Bahrain Victorious) a pris la troisi\u00e8me place tandis que les Fran\u00e7ais Noa Isidore (Decathlon AG2R La Mondiale) et Julian Alaphilippe (Tudor) se sont respectivement class\u00e9s 5e et 6e. Ce dernier, plut\u00f4t \u00e0 son avantage sur ce Tour de Grande-Bretagne, ach\u00e8ve la comp\u00e9tition sur la troisi\u00e8me marche du podium, deux secondes derri\u00e8re Remco Evenepoel (Soudal Quick-Step) qui a a \u00e9galement \u00e9chou\u00e9 \u00e0 deux secondes du laur\u00e9at, Romain Gr\u00e9goire (Groupama-FDJ).<\/p>\n<p>Vainqueur de la 4e \u00e9tape \u00e0 Burton-Dassett, le Fran\u00e7ais a sign\u00e9 sa quatri\u00e8me victoire de l&rsquo;ann\u00e9e. Celle-ci l&rsquo;a guid\u00e9 vers son troisi\u00e8me sacre en carri\u00e8re au terme d&rsquo;une course par \u00e9tapes. En 2023, il s&rsquo;\u00e9tait adjug\u00e9 les 4 Jours de Dunkerque ainsi que le Tour du Limousin. Le coureur de 22 ans disposera d\u00e9sormais de dix jours de repos avant de s&rsquo;aligner au d\u00e9part du Tour du Luxembourg.<\/p>\n","protected":false},"excerpt":{"rendered":"Faraj Benlahoucine, Media365, publi\u00e9 le dimanche 07 septembre 2025 \u00e0 18h58 Romain Gr\u00e9goire a remport\u00e9 le classement g\u00e9n\u00e9ral&hellip;\n","protected":false},"author":2,"featured_media":374032,"comment_status":"","ping_status":"","sticky":false,"template":"","format":"standard","meta":{"footnotes":""},"categories":[1411],"tags":[1154,207,1011,27,60],"class_list":{"0":"post-374031","1":"post","2":"type-post","3":"status-publish","4":"format-standard","5":"has-post-thumbnail","7":"category-cyclisme","8":"tag-cycling","9":"tag-cyclisme","10":"tag-fr","11":"tag-france","12":"tag-sports"},"share_on_mastodon":{"url":"https:\/\/pubeurope.com\/@fr\/115165644966388336","error":""},"_links":{"self":[{"href":"https:\/\/www.europesays.com\/fr\/wp-json\/wp\/v2\/posts\/374031","targetHints":{"allow":["GET"]}}],"collection":[{"href":"https:\/\/www.europesays.com\/fr\/wp-json\/wp\/v2\/posts"}],"about":[{"href":"https:\/\/www.europesays.com\/fr\/wp-json\/wp\/v2\/types\/post"}],"author":[{"embeddable":true,"href":"https:\/\/www.europesays.com\/fr\/wp-json\/wp\/v2\/users\/2"}],"replies":[{"embeddable":true,"href":"https:\/\/www.europesays.com\/fr\/wp-json\/wp\/v2\/comments?post=374031"}],"version-history":[{"count":0,"href":"https:\/\/www.europesays.com\/fr\/wp-json\/wp\/v2\/posts\/374031\/revisions"}],"wp:featuredmedia":[{"embeddable":true,"href":"https:\/\/www.europesays.com\/fr\/wp-json\/wp\/v2\/media\/374032"}],"wp:attachment":[{"href":"https:\/\/www.europesays.com\/fr\/wp-json\/wp\/v2\/media?parent=374031"}],"wp:term":[{"taxonomy":"category","embeddable":true,"href":"https:\/\/www.europesays.com\/fr\/wp-json\/wp\/v2\/categories?post=374031"},{"taxonomy":"post_tag","embeddable":true,"href":"https:\/\/www.europesays.com\/fr\/wp-json\/wp\/v2\/tags?post=374031"}],"curies":[{"name":"wp","href":"https:\/\/api.w.org\/{rel}","templated":true}]}}