{"id":374046,"date":"2025-09-07T23:45:10","date_gmt":"2025-09-07T23:45:10","guid":{"rendered":"https:\/\/www.europesays.com\/fr\/374046\/"},"modified":"2025-09-07T23:45:10","modified_gmt":"2025-09-07T23:45:10","slug":"kylian-mbappe-sexprime-sur-le-ballon-dor","status":"publish","type":"post","link":"https:\/\/www.europesays.com\/fr\/374046\/","title":{"rendered":"Kylian Mbapp\u00e9 s\u2019exprime sur le Ballon d\u2019Or"},"content":{"rendered":"<p>Interrog\u00e9 par Anne-Sophie Lapix dans le journal de 20h20 sur M6, <a href=\"https:\/\/www.footmercato.net\/joueur\/kylian-mbappe\/\" rel=\"nofollow noopener\" target=\"_blank\">Kylian Mbapp\u00e9<\/a> a \u00e9voqu\u00e9 ses ambitions personnelles et collectives pour la saison. S\u2019il ne cache pas son envie de d\u00e9crocher un jour le Ballon d\u2019Or, l\u2019attaquant du <a href=\"https:\/\/www.footmercato.net\/club\/real-madrid\/\" rel=\"nofollow noopener\" target=\"_blank\">Real Madrid<\/a> insiste d\u2019abord sur l\u2019importance des victoires en \u00e9quipe et des troph\u00e9es collectifs :<\/p>\n<p>            La suite apr\u00e8s cette publicit\u00e9<\/p>\n<p>\u00abIl faut se battre pour pour tous les troph\u00e9es possibles, tout ce que je veux c\u2019est d\u2019aider mes \u00e9quipes \u00e0 gagner parce que je connais la sensation de victoire, ce que \u00e7a fait de gagner et c\u2019est une sensation incroyable. C\u2019est pour \u00e7a qu\u2019on travaille tout le temps, qu\u2019on fait des sacrifices pour essayer d\u2019arriver \u00e0 ce moment l\u00e0, c\u2019est s\u00fbr que c\u2019est une ann\u00e9e tr\u00e8s importante mais le plus important je pense que c\u2019est d\u2019aller \u00e9tape par \u00e9tape de ne pas voir trop loin, de ne pas voir trop gros. La premi\u00e8re \u00e9tape, c\u2019est surtout de gagner les matchs parce que ce sont les matchs qui vous fait gagner les titres, ce sont les titres qui vous ram\u00e8nent des troph\u00e9es individuels ou collectifs et ce sont les troph\u00e9es qui vous font rentrer dans l\u2019histoire donc on est vraiment concentr\u00e9s, que ce soit avec le Real Madrid et avec la s\u00e9lection. Avec le Real Madrid, on avait bien commenc\u00e9 les trois premiers matchs, on veut vraiment avoir une vision \u00e0 court terme de toujours essayer d\u2019\u00eatre performant \u00e0 l\u2019instant T et de voir o\u00f9 \u00e7a nous m\u00e8ne et je pense que si on est performant \u00e7a va nous mener loin. Et le ballon d\u2019or peut attendre autant qu\u2019il veut Le plus important, c\u2019est de gagner des troph\u00e9es et le ballon d\u2019or est un troph\u00e9e tr\u00e8s important, mais je pense que les troph\u00e9es collectifs sont le commencement de tout et le ballon d\u2019or suivra s\u2019il y a des troph\u00e9es collectifs\u00bb.<\/p>\n<p>\n    Pub. le 07\/09\/2025 20:39<br \/>\n            &#8211; MAJ le 08\/09\/2025 00:28\n    <\/p>\n","protected":false},"excerpt":{"rendered":"Interrog\u00e9 par Anne-Sophie Lapix dans le journal de 20h20 sur M6, Kylian Mbapp\u00e9 a \u00e9voqu\u00e9 ses ambitions personnelles&hellip;\n","protected":false},"author":2,"featured_media":331054,"comment_status":"","ping_status":"","sticky":false,"template":"","format":"standard","meta":{"footnotes":""},"categories":[9],"tags":[1011,27,60],"class_list":{"0":"post-374046","1":"post","2":"type-post","3":"status-publish","4":"format-standard","5":"has-post-thumbnail","7":"category-sports","8":"tag-fr","9":"tag-france","10":"tag-sports"},"share_on_mastodon":{"url":"https:\/\/pubeurope.com\/@fr\/115165680458703502","error":""},"_links":{"self":[{"href":"https:\/\/www.europesays.com\/fr\/wp-json\/wp\/v2\/posts\/374046","targetHints":{"allow":["GET"]}}],"collection":[{"href":"https:\/\/www.europesays.com\/fr\/wp-json\/wp\/v2\/posts"}],"about":[{"href":"https:\/\/www.europesays.com\/fr\/wp-json\/wp\/v2\/types\/post"}],"author":[{"embeddable":true,"href":"https:\/\/www.europesays.com\/fr\/wp-json\/wp\/v2\/users\/2"}],"replies":[{"embeddable":true,"href":"https:\/\/www.europesays.com\/fr\/wp-json\/wp\/v2\/comments?post=374046"}],"version-history":[{"count":0,"href":"https:\/\/www.europesays.com\/fr\/wp-json\/wp\/v2\/posts\/374046\/revisions"}],"wp:featuredmedia":[{"embeddable":true,"href":"https:\/\/www.europesays.com\/fr\/wp-json\/wp\/v2\/media\/331054"}],"wp:attachment":[{"href":"https:\/\/www.europesays.com\/fr\/wp-json\/wp\/v2\/media?parent=374046"}],"wp:term":[{"taxonomy":"category","embeddable":true,"href":"https:\/\/www.europesays.com\/fr\/wp-json\/wp\/v2\/categories?post=374046"},{"taxonomy":"post_tag","embeddable":true,"href":"https:\/\/www.europesays.com\/fr\/wp-json\/wp\/v2\/tags?post=374046"}],"curies":[{"name":"wp","href":"https:\/\/api.w.org\/{rel}","templated":true}]}}