{"id":374047,"date":"2025-09-07T23:46:12","date_gmt":"2025-09-07T23:46:12","guid":{"rendered":"https:\/\/www.europesays.com\/fr\/374047\/"},"modified":"2025-09-07T23:46:12","modified_gmt":"2025-09-07T23:46:12","slug":"le-couturier-sera-inhume-lundi-dans-lintimite-familiale","status":"publish","type":"post","link":"https:\/\/www.europesays.com\/fr\/374047\/","title":{"rendered":"le couturier sera inhum\u00e9 lundi dans l&rsquo;intimit\u00e9 familiale"},"content":{"rendered":"<p>Le maire de Milan a annonc\u00e9 une journ\u00e9e de deuil \u00e0 Milan, la capitale \u00e9conomique italienne, lundi.<\/p>\n<p class=\"fig-paragraph\">Le couturier italien\u00a0<a href=\"http:\/\/www.lefigaro.fr\/industrie-mode\/giorgio-armani-le-dernier-empereur-de-la-mode-italienne-est-mort-20250904\" data-fig-type=\"Article\" data-gtm-custom-categorie=\"navigation\" data-gtm-custom-action=\"crossclick\" data-gtm-custom-label=\"Contextuel\" data-gtm-event=\"customEventSPE\" data-fig-domain=\"LEFIGARO\" target=\"_blank\" rel=\"noopener\">Giorgio Armani<\/a>, d\u00e9c\u00e9d\u00e9 jeudi \u00e0 l&rsquo;\u00e2ge de 91 ans, sera inhum\u00e9 lundi apr\u00e8s-midi dans l&rsquo;intimit\u00e9 familiale dans un village du nord de l&rsquo;Italie, ont annonc\u00e9 des responsables locaux.<\/p>\n<p class=\"fig-paragraph\">\u00abLes fun\u00e9railles priv\u00e9es de Giorgio Armani auront lieu dans la petite \u00e9glise de San Martino, nich\u00e9e dans le village m\u00e9di\u00e9val de Rivalta\u00bb, \u00e0 une centaine de kilom\u00e8tres au sud de Milan, a indiqu\u00e9 dimanche l&rsquo;Association des ch\u00e2teaux du Duch\u00e9 de Parme, Plaisance et Pontremoli.\u00a0<a href=\"https:\/\/madame.lefigaro.fr\/style\/news\/giorgio-armani-le-maestro-de-la-mode-qui-habilla-les-femmes-puissantes-20250904\" target=\"_blank\" data-fig-type=\"Article\" rel=\"sponsored noopener\" data-gtm-custom-categorie=\"navigation\" data-gtm-custom-action=\"crossclick\" data-gtm-custom-label=\"Contextuel\" data-gtm-event=\"customEventSPE\" data-fig-domain=\"MADAME\">Giorgio Armani<\/a>\u00a0se rendait r\u00e9guli\u00e8rement dans cette petite commune qui abrite d\u00e9j\u00e0 la tombe de la m\u00e8re.<\/p>\n<p>                                    <a class=\"fig-a11y-skip a11y-hidden\" href=\"#fig-a11y-skip-main-inarticle\"><br \/>\n        Passer la publicit\u00e9<br \/>\n    <\/a><\/p>\n<p>Une journ\u00e9e de deuil<\/p>\n<p class=\"fig-paragraph\">Les environs seront boucl\u00e9s \u00abpour des raisons de s\u00e9curit\u00e9 et afin de garantir la confidentialit\u00e9 des fun\u00e9railles, pr\u00e9vues \u00e0 15h30 (13h30 GMT)\u00bb, ajoute l\u2019association dans un communiqu\u00e9 publi\u00e9 sur sa page Facebook. Le maire de Milan, Giuseppe Sala, a \u00e9galement annonc\u00e9 une journ\u00e9e de deuil dans la capitale \u00e9conomique italienne lundi.<\/p>\n<p class=\"fig-paragraph\">Le groupe Armani a \u00e9galement indiqu\u00e9 \u00e0 l\u2019AFP que ses magasins fermeraient lundi \u00e0 partir de 15 heures jusqu\u2019\u00e0 la fin de la journ\u00e9e, en signe de deuil.<\/p>\n<p class=\"fig-paragraph\">Dimanche, des milliers de personnes continuaient de d\u00e9filer dans la chapelle ardente pour le styliste ouverte jusqu&rsquo;\u00e0 18h (16h GMT) dans\u00a0<a href=\"http:\/\/www.lefigaro.fr\/bons-plans\/culture\/mort-de-giorgio-armani-l-armani-teatro-ouvert-au-public-pour-rendre-hommage-au-celebre-couturier-20250906\" data-fig-type=\"NewsFlash\" rel=\"sponsored noopener\" data-gtm-custom-categorie=\"navigation\" data-gtm-custom-action=\"crossclick\" data-gtm-custom-label=\"Contextuel\" data-gtm-event=\"customEventSPE\" data-fig-domain=\"LEFIGARO\" target=\"_blank\">l&rsquo;Armani Teatro<\/a>\u00a0\u00e0 Milan, pr\u00e8s du si\u00e8ge du groupe dans un ancien quartier industriel de la ville.<\/p>\n<p class=\"fig-paragraph\">Parmi elles figuraient \u00e9galement des personnalit\u00e9s comme l&rsquo;ancien premier ministre Matteo Renzi, le compositeur Ludovico Einaudi, le pr\u00e9sident du Napoli FC Aurelio De Laurentiisou encore les joueurs de tennis Fabio Fognini et Flavia Pennetta. D&rsquo;imposantes couronnes de roses ont \u00e9t\u00e9 d\u00e9pos\u00e9es \u00e0 l&rsquo;entr\u00e9e de la salle o\u00f9 repose le cercueil, entour\u00e9 de lanternes pos\u00e9es au sol.<\/p>\n<p class=\"fig-paragraph\">Des stars d&rsquo;Hollywood aux responsables politiques, de nombreuses personnalit\u00e9s ont<a href=\"http:\/\/www.lefigaro.fr\/industrie-mode\/bernard-arnault-donatella-versace-matthieu-blazy-paul-smith-simon-jacquemus-les-reactions-du-monde-de-la-mode-a-la-disparition-de-giorgio-armani-20250904\" data-fig-type=\"Article\" data-gtm-custom-categorie=\"navigation\" data-gtm-custom-action=\"crossclick\" data-gtm-custom-label=\"Contextuel\" data-gtm-event=\"customEventSPE\" data-fig-domain=\"LEFIGARO\" target=\"_blank\" rel=\"noopener\">\u00a0rendu hommage<\/a>\u00a0au couturier, ic\u00f4ne de la mode et b\u00e2tisseur d&rsquo;un empire dans l&rsquo;industrie du luxe.<\/p>\n","protected":false},"excerpt":{"rendered":"Le maire de Milan a annonc\u00e9 une journ\u00e9e de deuil \u00e0 Milan, la capitale \u00e9conomique italienne, lundi. Le&hellip;\n","protected":false},"author":2,"featured_media":374048,"comment_status":"","ping_status":"","sticky":false,"template":"","format":"standard","meta":{"footnotes":""},"categories":[8],"tags":[58,59,1011,27,7483,985],"class_list":{"0":"post-374047","1":"post","2":"type-post","3":"status-publish","4":"format-standard","5":"has-post-thumbnail","7":"category-divertissement","8":"tag-divertissement","9":"tag-entertainment","10":"tag-fr","11":"tag-france","12":"tag-giorgio-armani","13":"tag-mode"},"share_on_mastodon":{"url":"https:\/\/pubeurope.com\/@fr\/115165684552358588","error":""},"_links":{"self":[{"href":"https:\/\/www.europesays.com\/fr\/wp-json\/wp\/v2\/posts\/374047","targetHints":{"allow":["GET"]}}],"collection":[{"href":"https:\/\/www.europesays.com\/fr\/wp-json\/wp\/v2\/posts"}],"about":[{"href":"https:\/\/www.europesays.com\/fr\/wp-json\/wp\/v2\/types\/post"}],"author":[{"embeddable":true,"href":"https:\/\/www.europesays.com\/fr\/wp-json\/wp\/v2\/users\/2"}],"replies":[{"embeddable":true,"href":"https:\/\/www.europesays.com\/fr\/wp-json\/wp\/v2\/comments?post=374047"}],"version-history":[{"count":0,"href":"https:\/\/www.europesays.com\/fr\/wp-json\/wp\/v2\/posts\/374047\/revisions"}],"wp:featuredmedia":[{"embeddable":true,"href":"https:\/\/www.europesays.com\/fr\/wp-json\/wp\/v2\/media\/374048"}],"wp:attachment":[{"href":"https:\/\/www.europesays.com\/fr\/wp-json\/wp\/v2\/media?parent=374047"}],"wp:term":[{"taxonomy":"category","embeddable":true,"href":"https:\/\/www.europesays.com\/fr\/wp-json\/wp\/v2\/categories?post=374047"},{"taxonomy":"post_tag","embeddable":true,"href":"https:\/\/www.europesays.com\/fr\/wp-json\/wp\/v2\/tags?post=374047"}],"curies":[{"name":"wp","href":"https:\/\/api.w.org\/{rel}","templated":true}]}}