{"id":374053,"date":"2025-09-07T23:49:10","date_gmt":"2025-09-07T23:49:10","guid":{"rendered":"https:\/\/www.europesays.com\/fr\/374053\/"},"modified":"2025-09-07T23:49:10","modified_gmt":"2025-09-07T23:49:10","slug":"en-tunisie-un-millier-de-personnes-dont-rima-hassan-accueillent-la-flottille-pour-gaza-partie-de-barcelone","status":"publish","type":"post","link":"https:\/\/www.europesays.com\/fr\/374053\/","title":{"rendered":"En Tunisie, un millier de personnes dont Rima Hassan, accueillent la flottille pour Gaza, partie de Barcelone"},"content":{"rendered":"<p>Plusieurs bateaux devaient quitter Tunis dimanche mais leur d\u00e9part a \u00e9t\u00e9 report\u00e9 \u00e0 mercredi pour des \u00abraisons techniques et logistiques\u00bb.<\/p>\n<p class=\"fig-paragraph\">Plus d&rsquo;un millier de personnes, parmi lesquelles l&rsquo;eurod\u00e9put\u00e9e\u00a0<a href=\"http:\/\/www.lefigaro.fr\/politique\/israel-gaza-passe-d-armes-entre-les-insoumis-aymeric-caron-et-rima-hassan-20250904\" data-fig-type=\"Article\" data-gtm-custom-categorie=\"navigation\" data-gtm-custom-action=\"crossclick\" data-gtm-custom-label=\"Contextuel\" data-gtm-event=\"customEventSPE\" data-fig-domain=\"LEFIGARO\" target=\"_blank\" rel=\"noopener\">Rima Hassan<\/a>, ont accueilli dimanche \u00e0 Tunis\u00a0<a href=\"http:\/\/www.lefigaro.fr\/culture\/adele-haenel-rejoint-susan-sarandon-et-greta-thunberg-sur-la-flottille-qui-veut-briser-le-blocus-de-gaza-20250905\" data-fig-type=\"NewsFlash\" data-gtm-custom-categorie=\"navigation\" data-gtm-custom-action=\"crossclick\" data-gtm-custom-label=\"Contextuel\" data-gtm-event=\"customEventSPE\" data-fig-domain=\"LEFIGARO\" target=\"_blank\" rel=\"noopener\">la flottille<\/a>\u00a0partie de Barcelone avec \u00e0 son bord\u00a0<a href=\"http:\/\/www.lefigaro.fr\/flash-actu\/un-petit-fils-de-nelson-mandela-va-se-joindre-a-la-flottille-pour-gaza-20250906\" data-fig-type=\"NewsFlash\" data-gtm-custom-categorie=\"navigation\" data-gtm-custom-action=\"crossclick\" data-gtm-custom-label=\"Contextuel\" data-gtm-event=\"customEventSPE\" data-fig-domain=\"LEFIGARO\" target=\"_blank\" rel=\"noopener\">des militants<\/a>\u00a0et de l&rsquo;aide humanitaire pour Gaza.<\/p>\n<p class=\"fig-paragraph\">Plusieurs bateaux devaient quitter Tunis dimanche pour rejoindre la \u00abGlobal Sumud Flotilla\u00bb, mais leur d\u00e9part a \u00e9t\u00e9 report\u00e9 \u00e0 mercredi pour des \u00abraisons techniques et logistiques\u00bb selon les organisateurs. L\u2019objectif de la flottille est \u00abd\u2019ouvrir un corridor humanitaire et de mettre fin au g\u00e9nocide en cours du peuple palestinien\u00bb.<\/p>\n<p>                                    <a class=\"fig-a11y-skip a11y-hidden\" href=\"#fig-a11y-skip-main-inarticle\"><br \/>\n        Passer la publicit\u00e9<br \/>\n    <\/a><\/p>\n<p class=\"fig-paragraph\">\u00c0 Sidi Bou Sa\u00efd, pr\u00e8s de Tunis, plus d&rsquo;un millier de personnes munies de drapeaux palestiniens, de banderoles de soutien \u00e0 la flottille et de fumig\u00e8nes se sont rassembl\u00e9es pour accueillir les bateaux dans la ferveur.<\/p>\n<p>\u00abLes peuples face \u00e0 la l\u00e2chet\u00e9 des \u00c9tats\u00bb<\/p>\n<p class=\"fig-paragraph\">Lors d&rsquo;une conf\u00e9rence de presse sur la plage, Rima Hassan a insist\u00e9 sur \u00able r\u00f4le que jouent aujourd&rsquo;hui les peuples face \u00e0 la l\u00e2chet\u00e9 des \u00c9tats (&#8230;) qui emp\u00eachent toute solidarit\u00e9 envers le peuple palestinien\u00bb. \u00abNous savons tous pourquoi nous sommes ici. De l\u2019autre c\u00f4t\u00e9 de la mer, il y a un g\u00e9nocide en cours, une famine de masse provoqu\u00e9e par la machine \u00e0 tuer d\u2019Isra\u00ebl\u00bb, a d\u00e9nonc\u00e9 la militante su\u00e9doise Greta Thunberg.<\/p>\n<p class=\"fig-paragraph\">\u00abQuand nous \u00e9tions sur le Madleen, on a \u00e9t\u00e9 intercept\u00e9s par plusieurs dizaines de militaires, et on s&rsquo;est fait la promesse d\u00e8s notre arriv\u00e9e de renvoyer imm\u00e9diatement un maximum de bateaux\u00bb, a poursuivi Rima Hassan.\u00a0<a href=\"http:\/\/www.lefigaro.fr\/international\/le-voilier-madleen-arraisonne-par-israel-est-arrive-au-port-d-ashdod-20250609\" data-fig-type=\"NewsFlash\" data-gtm-custom-categorie=\"navigation\" data-gtm-custom-action=\"crossclick\" data-gtm-custom-label=\"Contextuel\" data-gtm-event=\"customEventSPE\" data-fig-domain=\"LEFIGARO\" target=\"_blank\" rel=\"noopener\">Le voilier Madleen<\/a>, avec 12 militants \u00e0 bord, avait \u00e9t\u00e9 intercept\u00e9 le 9 juin par les forces isra\u00e9liennes \u00e0 environ 185 kilom\u00e8tres \u00e0 l&rsquo;ouest des c\u00f4tes de Gaza.<\/p>\n<p class=\"fig-paragraph\">130 personnes de diff\u00e9rents pays se sont inscrites pour monter \u00e0 bord des bateaux de la flottille devant partir de Tunisie, ont d\u00e9clar\u00e9 les organisateurs \u00e0 l&rsquo;AFP. Les Nations unies ont d\u00e9clar\u00e9 en ao\u00fbt l&rsquo;\u00e9tat de famine \u00e0 Gaza, avertissant que 500.000 personnes se trouvent en situation \u00abcatastrophique\u00bb.<\/p>\n","protected":false},"excerpt":{"rendered":"Plusieurs bateaux devaient quitter Tunis dimanche mais leur d\u00e9part a \u00e9t\u00e9 report\u00e9 \u00e0 mercredi pour des \u00abraisons techniques&hellip;\n","protected":false},"author":2,"featured_media":374054,"comment_status":"","ping_status":"","sticky":false,"template":"","format":"standard","meta":{"footnotes":""},"categories":[5],"tags":[11,1011,27,665,14,12,15442,28],"class_list":{"0":"post-374053","1":"post","2":"type-post","3":"status-publish","4":"format-standard","5":"has-post-thumbnail","7":"category-international","8":"tag-actualites","9":"tag-fr","10":"tag-france","11":"tag-gaza","12":"tag-international","13":"tag-news","14":"tag-rima-hassan","15":"tag-world"},"share_on_mastodon":{"url":"https:\/\/pubeurope.com\/@fr\/115165696299104299","error":""},"_links":{"self":[{"href":"https:\/\/www.europesays.com\/fr\/wp-json\/wp\/v2\/posts\/374053","targetHints":{"allow":["GET"]}}],"collection":[{"href":"https:\/\/www.europesays.com\/fr\/wp-json\/wp\/v2\/posts"}],"about":[{"href":"https:\/\/www.europesays.com\/fr\/wp-json\/wp\/v2\/types\/post"}],"author":[{"embeddable":true,"href":"https:\/\/www.europesays.com\/fr\/wp-json\/wp\/v2\/users\/2"}],"replies":[{"embeddable":true,"href":"https:\/\/www.europesays.com\/fr\/wp-json\/wp\/v2\/comments?post=374053"}],"version-history":[{"count":0,"href":"https:\/\/www.europesays.com\/fr\/wp-json\/wp\/v2\/posts\/374053\/revisions"}],"wp:featuredmedia":[{"embeddable":true,"href":"https:\/\/www.europesays.com\/fr\/wp-json\/wp\/v2\/media\/374054"}],"wp:attachment":[{"href":"https:\/\/www.europesays.com\/fr\/wp-json\/wp\/v2\/media?parent=374053"}],"wp:term":[{"taxonomy":"category","embeddable":true,"href":"https:\/\/www.europesays.com\/fr\/wp-json\/wp\/v2\/categories?post=374053"},{"taxonomy":"post_tag","embeddable":true,"href":"https:\/\/www.europesays.com\/fr\/wp-json\/wp\/v2\/tags?post=374053"}],"curies":[{"name":"wp","href":"https:\/\/api.w.org\/{rel}","templated":true}]}}