{"id":374055,"date":"2025-09-07T23:50:13","date_gmt":"2025-09-07T23:50:13","guid":{"rendered":"https:\/\/www.europesays.com\/fr\/374055\/"},"modified":"2025-09-07T23:50:13","modified_gmt":"2025-09-07T23:50:13","slug":"bruno-retailleau-voit-deja-francois-bayrou-dehors-et-pose-ses-conditions-pour-revenir-au-gouvernement","status":"publish","type":"post","link":"https:\/\/www.europesays.com\/fr\/374055\/","title":{"rendered":"Bruno Retailleau voit d\u00e9j\u00e0 Fran\u00e7ois Bayrou dehors\u2026 et pose ses conditions pour revenir au gouvernement"},"content":{"rendered":"<p>            Par<br \/>\n        <strong><br \/>\n            <a href=\"https:\/\/actu.fr\/auteur\/redaction-actu\" title=\"Consulter tous les articles de R\u00e9daction Actu\" target=\"_blank\" rel=\"noopener\">R\u00e9daction Actu<\/a><br \/>\n        <\/strong><\/p>\n<p>        Publi\u00e9 le<\/p>\n<p>            7 sept. 2025 \u00e0 18h34        <\/p>\n<p>Le pr\u00e9sident du parti<strong> Les R\u00e9publicains<\/strong>,<strong> Bruno Retailleau, <\/strong>pense \u00e0 l\u2019apr\u00e8s. Tout d\u2019abord, il a averti dimanche 7 septembre 2025 qu\u2019il \u00e9tait \u00ab\u00a0hors de question\u00a0\u00bb que la droite accepte la nomination d\u2019un Premier ministre socialiste \u00e0 Matignon, <strong>posant ainsi ses conditions pour que LR se maintienne au gouvernement<a href=\"https:\/\/actu.fr\/societe\/bye-bye-bayrou-des-pots-de-depart-en-premier-ministre-deja-organises-partout-en-france-le-8-septembre_63119818.html\" target=\"_blank\" rel=\"noopener\"> si Fran\u00e7ois Bayrou tombait lundi. \u00a0<\/a><\/strong><\/p>\n<p class=\" wall-content\">\u00ab\u00a0Il est hors de question, comme vous le savez, qu\u2019on accepte demain (lundi) <a href=\"https:\/\/actu.fr\/tag\/francois-bayrou\" target=\"_blank\" rel=\"noopener\">qu\u2019un Premier ministre<\/a> socialiste soit nomm\u00e9 \u00e0 Matignon\u00a0\u00bb, a affirm\u00e9 l\u2019actuel ministre de l\u2019Int\u00e9rieur lors de son discours de cl\u00f4ture de la rentr\u00e9e politique des R\u00e9publicains \u00e0 Port-Marly, dans les Yvelines.\u00a0<\/p>\n<p>Il appelle (quand m\u00eame) \u00e0 voter la confiance<\/p>\n<p class=\" wall-content\">Avec cette d\u00e9claration, il a pris le contre-pied du pr\u00e9sident des d\u00e9put\u00e9s LR Laurent Wauquiez, assis au premier rang, qui a \u00e9cart\u00e9 une \u00ab\u00a0censure automatique\u00a0\u00bb d\u2019un Premier ministre socialiste avant de conna\u00eetre le programme qu\u2019il compte appliquer.<\/p>\n<p class=\" wall-content\">\u00ab\u00a0Vous allez faire tomber des gouvernements qui se pr\u00e9sentent sans m\u00eame savoir ce qu\u2019ils veulent faire ?\u00a0\u00bb, s\u2019est-il interrog\u00e9 sur LCI, assurant que si l\u2019ex\u00e9cutif comportait \u00ab\u00a0des ministres de LFI ou applique le programme du Nouveau Front populaire\u00a0\u00bb il y aurait \u00e9videmment censure.<\/p>\n<p class=\" wall-content\">Bruno Retailleau, qui appelle les parlementaires LR \u00e0 <a href=\"https:\/\/actu.fr\/politique\/vote-de-confiance-pourquoi-ca-ne-sent-pas-bon-du-tout-pour-francois-bayrou-et-son-gouvernement_63076484.html\" target=\"_blank\" rel=\"noopener\">voter la confiance au gouvernement Bayrou<\/a>, a par ailleurs annonc\u00e9 son intention de proposer un accord de gouvernement au prochain Premier ministre si celui de Fran\u00e7ois Bayrou tombait lundi, dans des d\u00e9clarations \u00e0 la presse en marge de la rentr\u00e9e de LR.<\/p>\n<p class=\" wall-content\">Cet accord, qui pourrait \u00e9galement s\u2019appeler \u00ab\u00a0contrat ou engagement\u00a0\u00bb, contiendrait deux priorit\u00e9s qui sont le budget et \u00ab\u00a0une partie r\u00e9galienne\u00a0\u00bb.<\/p>\n<p>Votre r\u00e9gion, votre actu !<\/p>\n<p>Recevez chaque jour les infos qui comptent pour vous.<\/p>\n<p>\t<a href=\"https:\/\/actu.fr\/newsletter\" class=\"ac-btn ac-btn--corner ac-btn--medium ac-btn--blue800\" target=\"_blank\" rel=\"noopener\">S&rsquo;incrire<\/a><br \/>\n\u00ab\u00a0Le temps presse\u00a0\u00bb<\/p>\n<p class=\" wall-content\">\u00ab\u00a0C\u2019est une sorte d\u2019engagement\u00a0\u00bb pour v\u00e9rifier que les conditions d\u2019entr\u00e9e dans le prochain gouvernement seront \u00ab\u00a0compatibles avec l\u2019id\u00e9e que l\u2019on se fait du redressement de la France\u00a0\u00bb, a ajout\u00e9 l\u2019actuel ministre de l\u2019Int\u00e9rieur.<\/p>\n<blockquote class=\"ac-article-quote wall-content\">\n<p>On ne rentrera pas au gouvernement \u00e0 n&rsquo;importe quelle condition.<\/p>\n<p>    <strong>Bruno Retailleau<\/strong><br \/>\n        Ministre de l&rsquo;Int\u00e9rieur    <\/p><\/blockquote>\n<p class=\" wall-content\">Il appelle \u00e0 une rapide nomination d\u2019un nouveau Premier ministre si le gouvernement de Fran\u00e7ois Bayrou \u00e9tait bien renvers\u00e9 lundi.<\/p>\n<p class=\" wall-content\">\u00ab\u00a0Le temps presse. La fen\u00eatre de tir est courte\u00a0\u00bb, a-t-il affirm\u00e9, d\u2019autant que le mois de septembre risque \u00e0 ses yeux \u00ab\u00a0d\u2019\u00eatre propice au d\u00e9sordre\u00a0\u00bb avec deux journ\u00e9es de mobilisation, les 10 et 18 septembre.<\/p>\n<p class=\" wall-content\">M. Retailleau n\u2019a pas \u00e9pargn\u00e9 le RN, l\u2019accusant d\u2019\u00eatre \u00ab\u00a0dans une strat\u00e9gie de d\u00e9stabilisation\u00a0\u00bb.<\/p>\n<p class=\" wall-content\"><strong>Avec AFP<\/strong><\/p>\n<p class=\" wall-content\">Personnalisez votre actualit\u00e9 en ajoutant vos villes et m\u00e9dias en favori avec <a href=\"https:\/\/moncompte.actu.fr\" title=\"D\u00e9couvez Mon Actu\" rel=\"nofollow noopener\" data-trk=\"{&quot;cta&quot;:{&quot;action&quot;:&quot;https:\\\/\\\/moncompte.actu.fr&quot;,&quot;category&quot;:&quot;mon compte&quot;,&quot;from&quot;:&quot;article footer&quot;,&quot;name&quot;:&quot;Mon actu&quot;,&quot;type&quot;:&quot;cta&quot;}}\" target=\"_blank\">Mon Actu<\/a>.<\/p>\n","protected":false},"excerpt":{"rendered":"Par R\u00e9daction Actu Publi\u00e9 le 7 sept. 2025 \u00e0 18h34 Le pr\u00e9sident du parti Les R\u00e9publicains, Bruno Retailleau,&hellip;\n","protected":false},"author":2,"featured_media":374056,"comment_status":"","ping_status":"","sticky":false,"template":"","format":"standard","meta":{"footnotes":""},"categories":[4],"tags":[11,1013,1011,27,431,12,316,25],"class_list":{"0":"post-374055","1":"post","2":"type-post","3":"status-publish","4":"format-standard","5":"has-post-thumbnail","7":"category-france","8":"tag-actualites","9":"tag-bruno-retailleau","10":"tag-fr","11":"tag-france","12":"tag-francois-bayrou","13":"tag-news","14":"tag-politique","15":"tag-republique-francaise"},"share_on_mastodon":{"url":"https:\/\/pubeurope.com\/@fr\/115165700194606809","error":""},"_links":{"self":[{"href":"https:\/\/www.europesays.com\/fr\/wp-json\/wp\/v2\/posts\/374055","targetHints":{"allow":["GET"]}}],"collection":[{"href":"https:\/\/www.europesays.com\/fr\/wp-json\/wp\/v2\/posts"}],"about":[{"href":"https:\/\/www.europesays.com\/fr\/wp-json\/wp\/v2\/types\/post"}],"author":[{"embeddable":true,"href":"https:\/\/www.europesays.com\/fr\/wp-json\/wp\/v2\/users\/2"}],"replies":[{"embeddable":true,"href":"https:\/\/www.europesays.com\/fr\/wp-json\/wp\/v2\/comments?post=374055"}],"version-history":[{"count":0,"href":"https:\/\/www.europesays.com\/fr\/wp-json\/wp\/v2\/posts\/374055\/revisions"}],"wp:featuredmedia":[{"embeddable":true,"href":"https:\/\/www.europesays.com\/fr\/wp-json\/wp\/v2\/media\/374056"}],"wp:attachment":[{"href":"https:\/\/www.europesays.com\/fr\/wp-json\/wp\/v2\/media?parent=374055"}],"wp:term":[{"taxonomy":"category","embeddable":true,"href":"https:\/\/www.europesays.com\/fr\/wp-json\/wp\/v2\/categories?post=374055"},{"taxonomy":"post_tag","embeddable":true,"href":"https:\/\/www.europesays.com\/fr\/wp-json\/wp\/v2\/tags?post=374055"}],"curies":[{"name":"wp","href":"https:\/\/api.w.org\/{rel}","templated":true}]}}