{"id":374057,"date":"2025-09-07T23:51:12","date_gmt":"2025-09-07T23:51:12","guid":{"rendered":"https:\/\/www.europesays.com\/fr\/374057\/"},"modified":"2025-09-07T23:51:12","modified_gmt":"2025-09-07T23:51:12","slug":"carlos-alcaraz-surclasse-jannik-sinner-en-finale-de-lus-open-et-redevient-numero-1-mondial-deux-ans-apres-lequipe","status":"publish","type":"post","link":"https:\/\/www.europesays.com\/fr\/374057\/","title":{"rendered":"Carlos Alcaraz surclasse Jannik Sinner en finale de l&#039;US Open et redevient num\u00e9ro 1 mondial deux ans apr\u00e8s &#8211; L&#039;\u00c9quipe"},"content":{"rendered":"<ol>\n<li><a href=\"https:\/\/news.google.com\/rss\/articles\/CBMi6wFBVV95cUxPVjVYd2RrTldFelVRLTJGYlU0UDJETXNmYzZBRlR3QnpQN3dCdThOQUJFU3FTbDFrVnA3UnhvQUcyUU0yYm01S2VQR0UtaGN5dHlwZEVkZDY3eHd5NzhFTEFIbHNrb3dlRWw2MVhTUFFCNUNoVkVFS09kdnQwLUlIcGt1ZzU2MmhkQUoxbFh6WTZGWmFxRFlnamhZTEQwWnlLR3pMRENJY2xpcE1GNmRYcXVIR1lWMzhtUUxqOHRLVkEyVUhXZlJOLWJXWXNIZmRnQXp2RmpwY0NJVjlNMkFnTV83ZzJQc2RYSDhr?oc=5\" target=\"_blank\" rel=\"nofollow noopener\">Carlos Alcaraz surclasse Jannik Sinner en finale de l&rsquo;US Open et redevient num\u00e9ro 1 mondial deux ans apr\u00e8s<\/a>&nbsp;&nbsp;L&rsquo;\u00c9quipe<\/li>\n<li><a href=\"https:\/\/news.google.com\/rss\/articles\/CBMi2AFBVV95cUxPd3JQdXd4MW5kRTRORHBENnJjVnNWYVBhdUYwbklwOTUxNHdPdEQ2eTB0UmVlRTlXM0Z2MG5hazdoSUFYQ3hGYWdJTnQzT01pVldaeVRBTENZVGtLczFocUdFUGZDVFhxR0VYdUVUUE01TTM4ZFh4SXM1Tnd4Z2xSbl9DSEJrbU5hdGtuX0xyN0xrMUtpZ3FEeVpzdXpZWDdtX3V2cjZsZWUxdTlkSVYxUnBCUUdlRThaelIyWGVrY0RkZzFDSnBlSVdQRG1TWmktVklnSlBGUlY?oc=5\" target=\"_blank\" rel=\"nofollow noopener\">Tennis &#8211; US Open (H) : Suivez la finale Sinner &#8211; Alcaraz en direct \u00e0 partir de 20h00<\/a>&nbsp;&nbsp;Orange Actualit\u00e9s | Sports<\/li>\n<li><a href=\"https:\/\/news.google.com\/rss\/articles\/CBMilwJBVV95cUxPZFJKWExfTEdEX3VUTnZwTlNGVkk3NjZfMEN4M2owb0tSYXExbmNPSkJQdlIzVnFtNjd1VkttMUpYalR5b2stUXhCYTRNamxNQXViaW00eGllQ3dwZWlzeWhJSEFJdXdSVjNKOFlQSmVRdGhOX0pMM2c1d3JnbFNrZ1ZrUFozcVJqQmJXOFFxOVlRc1lSbklOa1otbGxmU1NoeVN1Qk9ObFo3cXpvYVVXbGV5LVBDaUNoMTFGMlgwc05seHpXRW1LcC1YV19aVFZ0aS1EZ3ZNQjZzbHpTa0VoSDVxSTFGOERZeGs1Z2NxM0hfdFZhSm5naDM5NU1hVk9pZE5nQkM4RGlSY1lLWWRCZjYwVUxuOE0?oc=5\" target=\"_blank\" rel=\"nofollow noopener\">Carlos Alcaraz vainqueur de Jannik Sinner \u00e0 l\u2019US Open, nouvel \u00e9pisode d\u2019une rivalit\u00e9 qui porte le tennis toujours plus haut<\/a>&nbsp;&nbsp;Le Monde.fr<\/li>\n<li><a href=\"https:\/\/news.google.com\/rss\/articles\/CBMi9AFBVV95cUxOR0cybHBMaEpCNU1zejMwX0o2STF0cW5CV3EzUG1fQnZ2Q1B6MmdJQ0ZNRldkX3Nkbjk3YjF0ZHZ1dmtMa0RDRlZTTm11aU1UamV1TlJXZ1lCWTUzcldZSDNfTUliU2ZGWGtwWXJTSEt3TERiV0dBOVJmVGpnLUYyVHZyZG9VYVdfTW11anhEQlZ2SWpWTTMzSUduY0U0UVRaN25XeWRqSHRNa3pLX3lNQXBjQnY1TUhFbDZIMjJGdXlSWnVXZ2tYWDFiZDFtSGhfOFJ5elc0OFlaYVhTV2JneE0yVE9DdDNvNHp0OW11VkI0bjNR?oc=5\" target=\"_blank\" rel=\"nofollow noopener\">Trump, Guardiola, Sting, Stan Smith&#8230; Pluie de stars \u00e0 New York lors de la finale de l&rsquo;US Open entre Sinner et Alcaraz<\/a>&nbsp;&nbsp;L&rsquo;\u00c9quipe<\/li>\n<li><a href=\"https:\/\/news.google.com\/rss\/articles\/CBMiyAFBVV95cUxOdWhlN1VBRmxZcE85Mk9EdmpfNmRSay1Nek1pZ2xsY0hOekg4X1VWNF9OWWFrTG11MGtZQ09uT0xIODlyZHh1c0thNzRuOU1XMGV2ZmlUWU1qN2VwZ1JHN1dhclY0NG5GSEZVN0ZfR2ZRVUlBOFBXQ3daYkZ5bF9uUkxSVnAwNDBfbUVJWS1jbE9PbklPcmFPSWl3N19xX0k4R05ueU9JV0dXcW1iaVlrb1hpb1diNDdJT0xmaHdHaW1wdjFGMGdxNg?oc=5\" target=\"_blank\" rel=\"nofollow noopener\">US Open: \u00e0 22 ans, Carlos Alcaraz empoche son sixi\u00e8me titre du Grand Chelem et reprend la main sur Sinner<\/a>&nbsp;&nbsp;RMC Sport<\/li>\n<\/ol>\n","protected":false},"excerpt":{"rendered":"Carlos Alcaraz surclasse Jannik Sinner en finale de l&rsquo;US Open et redevient num\u00e9ro 1 mondial deux ans apr\u00e8s&nbsp;&nbsp;L&rsquo;\u00c9quipe&hellip;\n","protected":false},"author":2,"featured_media":374058,"comment_status":"","ping_status":"","sticky":false,"template":"","format":"standard","meta":{"footnotes":""},"categories":[2],"tags":[11,1011,27,12],"class_list":{"0":"post-374057","1":"post","2":"type-post","3":"status-publish","4":"format-standard","5":"has-post-thumbnail","7":"category-actualites","8":"tag-actualites","9":"tag-fr","10":"tag-france","11":"tag-news"},"share_on_mastodon":{"url":"https:\/\/pubeurope.com\/@fr\/115165703904152074","error":""},"_links":{"self":[{"href":"https:\/\/www.europesays.com\/fr\/wp-json\/wp\/v2\/posts\/374057","targetHints":{"allow":["GET"]}}],"collection":[{"href":"https:\/\/www.europesays.com\/fr\/wp-json\/wp\/v2\/posts"}],"about":[{"href":"https:\/\/www.europesays.com\/fr\/wp-json\/wp\/v2\/types\/post"}],"author":[{"embeddable":true,"href":"https:\/\/www.europesays.com\/fr\/wp-json\/wp\/v2\/users\/2"}],"replies":[{"embeddable":true,"href":"https:\/\/www.europesays.com\/fr\/wp-json\/wp\/v2\/comments?post=374057"}],"version-history":[{"count":0,"href":"https:\/\/www.europesays.com\/fr\/wp-json\/wp\/v2\/posts\/374057\/revisions"}],"wp:featuredmedia":[{"embeddable":true,"href":"https:\/\/www.europesays.com\/fr\/wp-json\/wp\/v2\/media\/374058"}],"wp:attachment":[{"href":"https:\/\/www.europesays.com\/fr\/wp-json\/wp\/v2\/media?parent=374057"}],"wp:term":[{"taxonomy":"category","embeddable":true,"href":"https:\/\/www.europesays.com\/fr\/wp-json\/wp\/v2\/categories?post=374057"},{"taxonomy":"post_tag","embeddable":true,"href":"https:\/\/www.europesays.com\/fr\/wp-json\/wp\/v2\/tags?post=374057"}],"curies":[{"name":"wp","href":"https:\/\/api.w.org\/{rel}","templated":true}]}}