{"id":374068,"date":"2025-09-07T23:58:11","date_gmt":"2025-09-07T23:58:11","guid":{"rendered":"https:\/\/www.europesays.com\/fr\/374068\/"},"modified":"2025-09-07T23:58:11","modified_gmt":"2025-09-07T23:58:11","slug":"previsions-du-lundi-8-septembre-2025-5","status":"publish","type":"post","link":"https:\/\/www.europesays.com\/fr\/374068\/","title":{"rendered":"pr\u00e9visions du lundi 8 septembre 2025"},"content":{"rendered":"<p>\u00c0 Montpellier, les valeurs s&rsquo;\u00e9chelonneront entre 19\u00b0C et 28\u00b0C dans la journ\u00e9e. Le soleil appara\u00eet l\u00e9g\u00e8rement le matin. Ces \u00e9claircies devraient faire plaisir aux habitants. Une brise de nord-est soufflera l\u00e9g\u00e8rement. L&rsquo;apr\u00e8s-midi qui s&rsquo;annonce, promet d&rsquo;\u00eatre superbe et ensoleill\u00e9 ! Une m\u00e9t\u00e9o plus chaude est attendue \u00e9tant donn\u00e9 que les temp\u00e9ratures vont conna\u00eetre une augmentation. Les valeurs afficheront entre 25 et 28\u00b0C. Des averses sont annonc\u00e9es le soir. La ville sera de temps en temps sous la pluie. On s&rsquo;attend \u00e0 une nuit claire entre lundi et mardi.<\/p>\n<p>Demain, c&rsquo;est sur un ciel couvert de nuages qu&rsquo;il faudra compter \u00e0 Montpellier. Le mercure va descendre de quelques degr\u00e9s. Il va faire 23\u00b0C en moyenne. Pour le matin, de la bruine l\u00e9g\u00e8re va tomber sur la ville. On anticipe des valeurs avoisinant 21\u00b0C. Un vent de nord-ouest rafra\u00eechira quelque peu l&rsquo;atmosph\u00e8re. Un bel ensoleillement est pr\u00e9vu demain apr\u00e8s-midi. Les temp\u00e9ratures vont enregistrer une hausse de quelques degr\u00e9s. Les valeurs seront de 25\u00b0C au plus bas et de 26\u00b0C au plus haut. Demain soir, le soleil risque d&rsquo;\u00eatre masqu\u00e9 par des nuages. Il faudra pr\u00e9voir des perturbations, les Montpelli\u00e9rains se retrouveront sous des pluies \u00e9parses. Les valeurs tourneront autour des 22\u00b0C. Un petit vent de nord-est soufflera.<\/p>\n<p>La m\u00e9t\u00e9o des journ\u00e9es suivantes va s&rsquo;am\u00e9liorer. Le temps sera ensoleill\u00e9 avec des temp\u00e9ratures d&rsquo;environ 25\u00b0C.<\/p>\n<p><\/p>\n","protected":false},"excerpt":{"rendered":"\u00c0 Montpellier, les valeurs s&rsquo;\u00e9chelonneront entre 19\u00b0C et 28\u00b0C dans la journ\u00e9e. Le soleil appara\u00eet l\u00e9g\u00e8rement le matin.&hellip;\n","protected":false},"author":2,"featured_media":374069,"comment_status":"","ping_status":"","sticky":false,"template":"","format":"standard","meta":{"footnotes":""},"categories":[9599],"tags":[1111,11,1777,674,1011,27,7089,2681,2208,12,2680,2119,25],"class_list":{"0":"post-374068","1":"post","2":"type-post","3":"status-publish","4":"format-standard","5":"has-post-thumbnail","7":"category-montpellier","8":"tag-actu","9":"tag-actualites","10":"tag-eu","11":"tag-europe","12":"tag-fr","13":"tag-france","14":"tag-herault","15":"tag-languedoc-roussillon","16":"tag-montpellier","17":"tag-news","18":"tag-occitanie","19":"tag-previsions-meteo","20":"tag-republique-francaise"},"share_on_mastodon":{"url":"https:\/\/pubeurope.com\/@fr\/115165731529910772","error":""},"_links":{"self":[{"href":"https:\/\/www.europesays.com\/fr\/wp-json\/wp\/v2\/posts\/374068","targetHints":{"allow":["GET"]}}],"collection":[{"href":"https:\/\/www.europesays.com\/fr\/wp-json\/wp\/v2\/posts"}],"about":[{"href":"https:\/\/www.europesays.com\/fr\/wp-json\/wp\/v2\/types\/post"}],"author":[{"embeddable":true,"href":"https:\/\/www.europesays.com\/fr\/wp-json\/wp\/v2\/users\/2"}],"replies":[{"embeddable":true,"href":"https:\/\/www.europesays.com\/fr\/wp-json\/wp\/v2\/comments?post=374068"}],"version-history":[{"count":0,"href":"https:\/\/www.europesays.com\/fr\/wp-json\/wp\/v2\/posts\/374068\/revisions"}],"wp:featuredmedia":[{"embeddable":true,"href":"https:\/\/www.europesays.com\/fr\/wp-json\/wp\/v2\/media\/374069"}],"wp:attachment":[{"href":"https:\/\/www.europesays.com\/fr\/wp-json\/wp\/v2\/media?parent=374068"}],"wp:term":[{"taxonomy":"category","embeddable":true,"href":"https:\/\/www.europesays.com\/fr\/wp-json\/wp\/v2\/categories?post=374068"},{"taxonomy":"post_tag","embeddable":true,"href":"https:\/\/www.europesays.com\/fr\/wp-json\/wp\/v2\/tags?post=374068"}],"curies":[{"name":"wp","href":"https:\/\/api.w.org\/{rel}","templated":true}]}}