{"id":37407,"date":"2025-04-19T21:51:38","date_gmt":"2025-04-19T21:51:38","guid":{"rendered":"https:\/\/www.europesays.com\/fr\/37407\/"},"modified":"2025-04-19T21:51:38","modified_gmt":"2025-04-19T21:51:38","slug":"j-k-rowling-jubile-les-femmes-trans-inquietes-la-definition-dune-femme-par-la-cour-supreme-divise-2","status":"publish","type":"post","link":"https:\/\/www.europesays.com\/fr\/37407\/","title":{"rendered":"J.K. Rowling jubile, les femmes trans inqui\u00e8tes\u2026 La d\u00e9finition d\u2019une femme par la Cour supr\u00eame divise"},"content":{"rendered":"<p><strong>clivage &#8211; La d\u00e9cision de la Court supr\u00eame du Royaume-Uni a ravi les conservateurs, dont l\u2019auteur d\u2019Harry Potter, J.K. Rowling, et inqui\u00e8te les associations de d\u00e9fense des droits des personnes trans qui craignent des cons\u00e9quences lourdes<\/strong><\/p>\n<p>\u00ab La d\u00e9cision unanime de cette Cour est que les termes \u00a0\u00bbfemme\u00a0\u00bb et \u00a0\u00bbsexe\u00a0\u00bb dans la loi sur l\u2019Egalit\u00e9 de 2010 se r\u00e9f\u00e8rent \u00e0 une femme biologique et \u00e0 un sexe biologique. \u00bb Ce mercredi, la Cour supr\u00eame du <a href=\"https:\/\/www.20minutes.fr\/monde\/royaume-uni\/?at_medium=RSS+feed&amp;at_campaign=ynews&amp;utm_source=yahoo&amp;utm_medium=rss&amp;utm_campaign=news_feed&amp;utm_content=in_article_link\" rel=\"nofollow noopener\" target=\"_blank\" data-ylk=\"slk:Royaume-Uni;elm:context_link;itc:0;sec:content-canvas\" class=\"link \">Royaume-Uni<\/a> a rendu <a href=\"https:\/\/www.20minutes.fr\/monde\/ecosse\/4148864-20250416-royaume-uni-cour-supreme-va-prononcer-femme?at_medium=RSS+feed&amp;at_campaign=ynews&amp;utm_source=yahoo&amp;utm_medium=rss&amp;utm_campaign=news_feed&amp;utm_content=in_article_link\" rel=\"nofollow noopener\" target=\"_blank\" data-ylk=\"slk:sa d\u00e9finition juridique de ce qu\u2019est une femme;elm:context_link;itc:0;sec:content-canvas\" class=\"link \">sa d\u00e9finition juridique de ce qu\u2019est une femme<\/a>.<\/p>\n<p>Une d\u00e9cision lourde de cons\u00e9quences, notamment pour les femmes <a href=\"https:\/\/www.20minutes.fr\/dossier\/transexualite?at_medium=RSS+feed&amp;at_campaign=ynews&amp;utm_source=yahoo&amp;utm_medium=rss&amp;utm_campaign=news_feed&amp;utm_content=in_article_link\" rel=\"nofollow noopener\" target=\"_blank\" data-ylk=\"slk:transsexuelles;elm:context_link;itc:0;sec:content-canvas\" class=\"link \">transsexuelles<\/a>, et qui n\u2019est pas sans faire r\u00e9agir de nombreuses personnes, oppos\u00e9es ou non \u00e0 cette vision. D\u00e9cision, r\u00e9actions, on fait le point.<\/p>\n<p>Une association \u00e9cossaise \u00e0 l\u2019origine de l\u2019affaire<\/p>\n<p>Les cinq magistrats de la plus haute instance du pays ont \u00e9t\u00e9 amen\u00e9s \u00e0 s\u2019exprimer sur la question \u00e0 la suite d\u2019un litige qui oppose, depuis 2018, le <a href=\"https:\/\/www.20minutes.fr\/dossier\/ecosse?at_medium=RSS+feed&amp;at_campaign=ynews&amp;utm_source=yahoo&amp;utm_medium=rss&amp;utm_campaign=news_feed&amp;utm_content=in_article_link\" rel=\"nofollow noopener\" target=\"_blank\" data-ylk=\"slk:gouvernement \u00e9cossais;elm:context_link;itc:0;sec:content-canvas\" class=\"link \">gouvernement \u00e9cossais<\/a>, fortement engag\u00e9 en faveur des droits des personnes transgenres, et l\u2019association \u00ab For Women Scotland \u00bb.<\/p>\n<p>Au c\u0153ur du d\u00e9bat se trouvait l\u2019interpr\u00e9tation de la loi britannique sur l\u2019Egalit\u00e9 (Equality act) de 2010. Pour le gouvernement \u00e9cossais, l\u2019Equality act \u00e9tait clair : si une femme transgenre a obtenu un certificat de <a href=\"https:\/\/www.20minutes.fr\/dossier\/genre?at_medium=RSS+feed&amp;at_campaign=ynews&amp;utm_source=yahoo&amp;utm_medium=rss&amp;utm_campaign=news_feed&amp;utm_content=in_article_link\" rel=\"nofollow noopener\" target=\"_blank\" data-ylk=\"slk:reconnaissance de genre;elm:context_link;itc:0;sec:content-canvas\" class=\"link \">reconnaissance de genre<\/a> (GRC) \u00e0 l\u2019issue de sa transition, elle est consid\u00e9r\u00e9e comme une femme, et a droit aux m\u00eames \u00ab protections que celles d\u00e9clar\u00e9es femmes \u00e0 la naissance \u00bb.<\/p>\n<p>Une vision oppos\u00e9e \u00e0 celle de l\u2019association qui s\u2019est pourvue en justice en faisant valoir que la d\u00e9finition d\u2019une femme doit se baser sur le <a href=\"https:\/\/www.20minutes.fr\/sciences\/2916015-20201127-representations-sexuelles-antiques-eclairent-civilisations-produites?at_medium=RSS+feed&amp;at_campaign=ynews&amp;utm_source=yahoo&amp;utm_medium=rss&amp;utm_campaign=news_feed&amp;utm_content=in_article_link\" rel=\"nofollow noopener\" target=\"_blank\" data-ylk=\"slk:sexe biologique;elm:context_link;itc:0;sec:content-canvas\" class=\"link \">sexe biologique<\/a>, \u00ab un crit\u00e8re biologique immuable \u00bb, et non le genre.<\/p>\n<p>Apr\u00e8s une premi\u00e8re victoire juridique, \u00ab For Women Scotland \u00bb avait \u00e9t\u00e9 d\u00e9bout\u00e9e deu(&#8230;)<\/p>\n<p><a href=\"https:\/\/www.20minutes.fr\/societe\/4148947-20250416-royaume-uni-k-rowling-jubile-femmes-trans-inquietes-definition-femme-cour-supreme-divise?at_medium=RSS+feed&amp;at_campaign=ynews&amp;utm_source=yahoo&amp;utm_medium=rss&amp;utm_campaign=news_feed&amp;utm_content=read_more_link\" rel=\"nofollow noopener\" target=\"_blank\" data-ylk=\"slk:Lire la suite sur 20minutes;elm:context_link;itc:0;sec:content-canvas\" class=\"link \">Lire la suite sur 20minutes<\/a><\/p>\n<p>\u00c0 lire aussi :<br \/><a href=\"https:\/\/www.20minutes.fr\/monde\/ecosse\/4148864-20250416-royaume-uni-cour-supreme-va-prononcer-femme?at_medium=RSS+feed&amp;at_campaign=ynews&amp;utm_source=yahoo&amp;utm_medium=rss&amp;utm_campaign=news_feed&amp;utm_content=related_content_link\" rel=\"nofollow noopener\" target=\"_blank\" data-ylk=\"slk:Royaume-Uni : La d\u00e9finition juridique d\u2019une femme repose sur le sexe biologique et non le genre, tranche la Cour supr\u00eame;elm:context_link;itc:0;sec:content-canvas\" class=\"link \">Royaume-Uni : La d\u00e9finition juridique d\u2019une femme repose sur le sexe biologique et non le genre, tranche la Cour supr\u00eame<\/a><br \/><a href=\"https:\/\/www.20minutes.fr\/monde\/royaume-uni\/4139447-20250218-royaume-uni-femme-baldock-francaise-appel-temoins-identifier-50-ans-apres?at_medium=RSS+feed&amp;at_campaign=ynews&amp;utm_source=yahoo&amp;utm_medium=rss&amp;utm_campaign=news_feed&amp;utm_content=related_content_link\" rel=\"nofollow noopener\" target=\"_blank\" data-ylk=\"slk:Royaume-Uni : La \u00ab femme de Baldock \u00bb \u00e9tait-elle Fran\u00e7aise ? Un appel \u00e0 t\u00e9moins lanc\u00e9 cinquante ans apr\u00e8s;elm:context_link;itc:0;sec:content-canvas\" class=\"link \">Royaume-Uni : La \u00ab femme de Baldock \u00bb \u00e9tait-elle Fran\u00e7aise ? Un appel \u00e0 t\u00e9moins lanc\u00e9 cinquante ans apr\u00e8s<\/a><\/p>\n","protected":false},"excerpt":{"rendered":"clivage &#8211; La d\u00e9cision de la Court supr\u00eame du Royaume-Uni a ravi les conservateurs, dont l\u2019auteur d\u2019Harry Potter,&hellip;\n","protected":false},"author":2,"featured_media":37408,"comment_status":"","ping_status":"","sticky":false,"template":"","format":"standard","meta":{"footnotes":""},"categories":[1588],"tags":[11,10658,11917,1777,674,11916,11915,12,473,1853,1851,1850,1852],"class_list":{"0":"post-37407","1":"post","2":"type-post","3":"status-publish","4":"format-standard","5":"has-post-thumbnail","7":"category-royaume-uni","8":"tag-actualites","9":"tag-cour-supreme","10":"tag-definition-juridique","11":"tag-eu","12":"tag-europe","13":"tag-lauteur-dharry-potter","14":"tag-la-cour-supreme","15":"tag-news","16":"tag-royaume-uni","17":"tag-royaume-uni-de-grande-bretagne-et-dirlande-du-nord","18":"tag-uk","19":"tag-united-kingdom","20":"tag-united-kingdom-of-great-britain-and-northern-ireland"},"share_on_mastodon":{"url":"https:\/\/pubeurope.com\/@fr\/114366846364900090","error":""},"_links":{"self":[{"href":"https:\/\/www.europesays.com\/fr\/wp-json\/wp\/v2\/posts\/37407","targetHints":{"allow":["GET"]}}],"collection":[{"href":"https:\/\/www.europesays.com\/fr\/wp-json\/wp\/v2\/posts"}],"about":[{"href":"https:\/\/www.europesays.com\/fr\/wp-json\/wp\/v2\/types\/post"}],"author":[{"embeddable":true,"href":"https:\/\/www.europesays.com\/fr\/wp-json\/wp\/v2\/users\/2"}],"replies":[{"embeddable":true,"href":"https:\/\/www.europesays.com\/fr\/wp-json\/wp\/v2\/comments?post=37407"}],"version-history":[{"count":0,"href":"https:\/\/www.europesays.com\/fr\/wp-json\/wp\/v2\/posts\/37407\/revisions"}],"wp:featuredmedia":[{"embeddable":true,"href":"https:\/\/www.europesays.com\/fr\/wp-json\/wp\/v2\/media\/37408"}],"wp:attachment":[{"href":"https:\/\/www.europesays.com\/fr\/wp-json\/wp\/v2\/media?parent=37407"}],"wp:term":[{"taxonomy":"category","embeddable":true,"href":"https:\/\/www.europesays.com\/fr\/wp-json\/wp\/v2\/categories?post=37407"},{"taxonomy":"post_tag","embeddable":true,"href":"https:\/\/www.europesays.com\/fr\/wp-json\/wp\/v2\/tags?post=37407"}],"curies":[{"name":"wp","href":"https:\/\/api.w.org\/{rel}","templated":true}]}}