{"id":374078,"date":"2025-09-08T00:12:12","date_gmt":"2025-09-08T00:12:12","guid":{"rendered":"https:\/\/www.europesays.com\/fr\/374078\/"},"modified":"2025-09-08T00:12:12","modified_gmt":"2025-09-08T00:12:12","slug":"previsions-du-lundi-8-septembre-2025-7","status":"publish","type":"post","link":"https:\/\/www.europesays.com\/fr\/374078\/","title":{"rendered":"pr\u00e9visions du lundi 8 septembre 2025"},"content":{"rendered":"<p>Un magnifique soleil va briller sur Nice et ce, tout au long de la journ\u00e9e. On pr\u00e9voit des valeurs avoisinant 22\u00b0C. Un l\u00e9ger vent de sud-est soufflera. Les temp\u00e9ratures seront comprises entre 21 et 24\u00b0C durant la matin\u00e9e. Les maximales iront jusqu&rsquo;\u00e0 24\u00b0C dans l&rsquo;apr\u00e8s-midi et les minimales seront de 22\u00b0C. Des \u00e9claircies sont attendues : on passera une soir\u00e9e agr\u00e9able. Entre lundi et mardi, la nuit sera claire.<\/p>\n<p>Encore de la grisaille demain. Les nuages vont stationner sur Nice. Les valeurs afficheront entre 20 et 23\u00b0C. En revanche, le ciel va s&rsquo;\u00e9claircir au cours de la matin\u00e9e. Les temp\u00e9ratures avoisineront les 21\u00b0C. Un vent de sud-ouest rafra\u00eechira sensiblement l&rsquo;atmosph\u00e8re. Les nuages seront peu \u00e0 peu visibles au fil de l&rsquo;apr\u00e8s-midi. Intemp\u00e9ries : on annonce des pluies \u00e9parses. Les valeurs seront de 21\u00b0C au plus bas et de 23\u00b0C au plus haut. On notera la pr\u00e9sence persistante de nuages demain soir. Des pluies \u00e9parses vont tomber sur la ville. Les temp\u00e9ratures s&rsquo;\u00e9chelonneront entre 20 et 21\u00b0C. Un vent d&rsquo;est soufflera l\u00e9g\u00e8rement, avec 6 km\/h.<\/p>\n<p>Le temps des jours qui suivent va changer progressivement. M\u00eame si le mauvais temps se maintiendra quelque peu mercredi, il faut pr\u00e9voir une am\u00e9lioration par la suite.<\/p>\n<p><\/p>\n","protected":false},"excerpt":{"rendered":"Un magnifique soleil va briller sur Nice et ce, tout au long de la journ\u00e9e. On pr\u00e9voit des&hellip;\n","protected":false},"author":2,"featured_media":374079,"comment_status":"","ping_status":"","sticky":false,"template":"","format":"standard","meta":{"footnotes":""},"categories":[2819],"tags":[1111,11,2898,1777,674,1011,27,12,2401,883,2119,882,25],"class_list":{"0":"post-374078","1":"post","2":"type-post","3":"status-publish","4":"format-standard","5":"has-post-thumbnail","7":"category-nice","8":"tag-actu","9":"tag-actualites","10":"tag-alpes-maritimes","11":"tag-eu","12":"tag-europe","13":"tag-fr","14":"tag-france","15":"tag-news","16":"tag-nice","17":"tag-paca","18":"tag-previsions-meteo","19":"tag-provence-alpes-cote-dazur","20":"tag-republique-francaise"},"share_on_mastodon":{"url":"https:\/\/pubeurope.com\/@fr\/115165786503553841","error":""},"_links":{"self":[{"href":"https:\/\/www.europesays.com\/fr\/wp-json\/wp\/v2\/posts\/374078","targetHints":{"allow":["GET"]}}],"collection":[{"href":"https:\/\/www.europesays.com\/fr\/wp-json\/wp\/v2\/posts"}],"about":[{"href":"https:\/\/www.europesays.com\/fr\/wp-json\/wp\/v2\/types\/post"}],"author":[{"embeddable":true,"href":"https:\/\/www.europesays.com\/fr\/wp-json\/wp\/v2\/users\/2"}],"replies":[{"embeddable":true,"href":"https:\/\/www.europesays.com\/fr\/wp-json\/wp\/v2\/comments?post=374078"}],"version-history":[{"count":0,"href":"https:\/\/www.europesays.com\/fr\/wp-json\/wp\/v2\/posts\/374078\/revisions"}],"wp:featuredmedia":[{"embeddable":true,"href":"https:\/\/www.europesays.com\/fr\/wp-json\/wp\/v2\/media\/374079"}],"wp:attachment":[{"href":"https:\/\/www.europesays.com\/fr\/wp-json\/wp\/v2\/media?parent=374078"}],"wp:term":[{"taxonomy":"category","embeddable":true,"href":"https:\/\/www.europesays.com\/fr\/wp-json\/wp\/v2\/categories?post=374078"},{"taxonomy":"post_tag","embeddable":true,"href":"https:\/\/www.europesays.com\/fr\/wp-json\/wp\/v2\/tags?post=374078"}],"curies":[{"name":"wp","href":"https:\/\/api.w.org\/{rel}","templated":true}]}}