{"id":374093,"date":"2025-09-08T00:23:22","date_gmt":"2025-09-08T00:23:22","guid":{"rendered":"https:\/\/www.europesays.com\/fr\/374093\/"},"modified":"2025-09-08T00:23:22","modified_gmt":"2025-09-08T00:23:22","slug":"marseille-300-personnes-en-ag-pour-preparer-le-10-septembre-et-la-jonction-avec-les-secteurs-en-greve","status":"publish","type":"post","link":"https:\/\/www.europesays.com\/fr\/374093\/","title":{"rendered":"Marseille. 300 personnes en AG pour pr\u00e9parer le 10 septembre et la jonction avec les secteurs en gr\u00e8ve"},"content":{"rendered":"<p>Sur la place de la Providence \u00e0 Marseille, c\u2019est l\u2019une des derni\u00e8res assembl\u00e9es avant le 10 septembre, et \u00e7a se sent\u00a0: il y a du monde, et une tension palpable. Depuis d\u00e9but ao\u00fbt, les \u00ab\u00a0AGs du 10\u00a0\u00bb ont vu leur participation doubler chaque semaine, tant et si bien que des assembl\u00e9es de quartiers (Nord, Blancarde, Centre-Ville, Est) se sont cr\u00e9\u00e9es pour permettre \u00e0 chacun de s\u2019organiser.<\/p>\n<p>Ce mercredi soir, plus de 300 sont pr\u00e9sentes. L\u2019objectif\u00a0: pr\u00e9parer le 10 septembre et ses blocages, soutenir les piquets de gr\u00e8ve, coordonner les actions et anticiper la r\u00e9pression. Les prises de parole portent sur les remont\u00e9es des assembl\u00e9es de quartiers, les actions r\u00e9centes (tractages, collages), la cr\u00e9ation d\u2019un \u00ab\u00a0village militant\u00a0\u00bb et la manifestation pr\u00e9vue \u00e0 10h \u00e0 R\u00e9form\u00e9s.<\/p>\n<p>Au c\u0153ur des discussions aussi, la col\u00e8re face au projet aust\u00e9ritaire de Macron-Bayrou et le rejet d\u2019institutions jug\u00e9es antid\u00e9mocratiques. Mais au-del\u00e0 du constat, c\u2019est la d\u00e9termination qui marque les d\u00e9bats\u00a0: nombreux sont ceux qui affirment leur volont\u00e9 de prolonger la mobilisation bien au-del\u00e0 du 10 septembre, pour d\u00e9passer la mobilisation initiale. Tous appellent \u00e0 la d\u00e9mission d\u2019Emmanuel Macron, d\u00e9noncent l\u2019\u00e9chec du dialogue social et plaident pour une strat\u00e9gie plus radicale.<\/p>\n<p>Parmi eux des gilets jaunes historiques, des militants de gauche impliqu\u00e9s dans les derniers mouvements sociaux, des collectifs de soutien aux exil\u00e9s \u2013 en particulier au collectif de jeunes mineurs non-accompagn\u00e9s Binkadi \u2013 mais aussi des militants politiques (France Insoumise, NPA-A, NPA-R, R\u00e9volution Permanente).<\/p>\n<p>La temp\u00e9rature monte du c\u00f4t\u00e9 du monde du travail<\/p>\n<p>Rapidement l\u2019assembl\u00e9e se s\u00e9pare en plusieurs petits groupes. Un des groupes est charg\u00e9 de la construction du mouvement dans le monde du travail. Il r\u00e9unit plus de 50 personnes. En ligne de mire, une temp\u00e9rature qui commence \u00e0 monter dans le d\u00e9partement dans plusieurs secteurs. <br class=\"autobr\"\/><br \/>\nLes \u00e9nerg\u00e9ticiens sont en gr\u00e8ve reconductible depuis mardi 2 septembre et pr\u00e9voient de participer \u00e0 la mobilisation du 10 septembre pour exiger une augmentation des salaires mais aussi la baisse des tarifs de l\u2019\u00e9nergie, dont la TVA est pass\u00e9e de 5,5\u00a0% \u00e0 20\u00a0% d\u00e9but ao\u00fbt.<\/p>\n<p>Du c\u00f4t\u00e9 de l\u2019\u00e9ducation, le lyc\u00e9e Saint-Exup\u00e9ry d\u00e9nonce des cas de r\u00e9pression syndicale et la suppression de d\u00e9doublements de classe en fili\u00e8re technologique, tandis que 80 \u00e0 90\u00a0% du personnel du coll\u00e8ge Rosa Parks, l\u2019un des plus pauvres du d\u00e9partement, est en gr\u00e8ve contre la suppression d\u2019un poste d\u2019assistante sociale.<\/p>\n<p>D\u2019autres secteurs ont annonc\u00e9 rejoindre la mobilisation le 10 septembre\u00a0: la SNCF (Sud Rail), les centres des imp\u00f4ts et de la S\u00e9curit\u00e9 sociale, la Pr\u00e9vention s\u00e9curit\u00e9 et la S\u00fbret\u00e9 a\u00e9roportuaire (CGT Commerce Services) et le secteur de l\u2019animation, qui mettra en place des garderies lors de la manifestation du 10. Des travailleurs de la culture \u00e9voquent \u00e9galement la confection de fanzines et l\u2019organisation d\u2019une kermesse en soutien aux gr\u00e8ves lors de la journ\u00e9e du 10.<\/p>\n<p>Au sein du groupe de travailleurs, plusieurs id\u00e9es et propositions sont discut\u00e9es. Certains se rendront d\u00e8s le lendemain sur le piquet des \u00e9nerg\u00e9ticiens, d\u2019autres proposent d\u2019informer et d\u2019accompagner les travailleurs isol\u00e9s, notamment dans les assurances et le marketing agroalimentaire.<\/p>\n<p>Une perspective prometteuse qui devra s\u2019accompagner de la constitution d\u2019un programme pour r\u00e9pondre \u00e0 la crise sociale, politique et d\u00e9mocratique. C\u2019est \u00e0 cette condition et avec la gr\u00e8ve et les m\u00e9thodes de la lutte des classes que l\u2019AG marseillaise et les AG partout en France pourront rassembler plus largement encore et organiser la col\u00e8re contre Macron et son monde.<\/p>\n","protected":false},"excerpt":{"rendered":"Sur la place de la Providence \u00e0 Marseille, c\u2019est l\u2019une des derni\u00e8res assembl\u00e9es avant le 10 septembre, et&hellip;\n","protected":false},"author":2,"featured_media":374094,"comment_status":"","ping_status":"","sticky":false,"template":"","format":"standard","meta":{"footnotes":""},"categories":[2814],"tags":[1111,11,1777,674,1011,27,884,12,882,25],"class_list":{"0":"post-374093","1":"post","2":"type-post","3":"status-publish","4":"format-standard","5":"has-post-thumbnail","7":"category-marseille","8":"tag-actu","9":"tag-actualites","10":"tag-eu","11":"tag-europe","12":"tag-fr","13":"tag-france","14":"tag-marseille","15":"tag-news","16":"tag-provence-alpes-cote-dazur","17":"tag-republique-francaise"},"share_on_mastodon":{"url":"https:\/\/pubeurope.com\/@fr\/115165830699444230","error":""},"_links":{"self":[{"href":"https:\/\/www.europesays.com\/fr\/wp-json\/wp\/v2\/posts\/374093","targetHints":{"allow":["GET"]}}],"collection":[{"href":"https:\/\/www.europesays.com\/fr\/wp-json\/wp\/v2\/posts"}],"about":[{"href":"https:\/\/www.europesays.com\/fr\/wp-json\/wp\/v2\/types\/post"}],"author":[{"embeddable":true,"href":"https:\/\/www.europesays.com\/fr\/wp-json\/wp\/v2\/users\/2"}],"replies":[{"embeddable":true,"href":"https:\/\/www.europesays.com\/fr\/wp-json\/wp\/v2\/comments?post=374093"}],"version-history":[{"count":0,"href":"https:\/\/www.europesays.com\/fr\/wp-json\/wp\/v2\/posts\/374093\/revisions"}],"wp:featuredmedia":[{"embeddable":true,"href":"https:\/\/www.europesays.com\/fr\/wp-json\/wp\/v2\/media\/374094"}],"wp:attachment":[{"href":"https:\/\/www.europesays.com\/fr\/wp-json\/wp\/v2\/media?parent=374093"}],"wp:term":[{"taxonomy":"category","embeddable":true,"href":"https:\/\/www.europesays.com\/fr\/wp-json\/wp\/v2\/categories?post=374093"},{"taxonomy":"post_tag","embeddable":true,"href":"https:\/\/www.europesays.com\/fr\/wp-json\/wp\/v2\/tags?post=374093"}],"curies":[{"name":"wp","href":"https:\/\/api.w.org\/{rel}","templated":true}]}}