{"id":374103,"date":"2025-09-08T00:32:13","date_gmt":"2025-09-08T00:32:13","guid":{"rendered":"https:\/\/www.europesays.com\/fr\/374103\/"},"modified":"2025-09-08T00:32:13","modified_gmt":"2025-09-08T00:32:13","slug":"que-restera-t-il-apres-le-vote-de-confiance","status":"publish","type":"post","link":"https:\/\/www.europesays.com\/fr\/374103\/","title":{"rendered":"que restera-t-il apr\u00e8s le vote de confiance ?"},"content":{"rendered":"<p>Sur le perron de Matignon, ce vendredi 13\u00a0d\u00e9cembre 2024, Fran\u00e7ois Bayrou arrive avec des promesses et un clin d\u2019\u0153il du destin qu\u2019il voit sans doute comme un heureux pr\u00e9sage. \u00ab\u00a0C\u2019est aujourd\u2019hui l\u2019anniversaire de la naissance d\u2019Henri IV\u00a0\u00bb, souligne-t-il dans son discours de passation de pouvoir avec Michel Barnier. Le professeur de lettres classiques et maire de Pau a \u00e9crit sur le c\u00e9l\u00e8bre B\u00e9arnais roi de France. Et il se permet de <a target=\"_self\" href=\"https:\/\/www.lanouvellerepublique.fr\/a-la-une\/francois-bayrou-un-fidele-de-la-premiere-heure-enfin-recompense\" rel=\"nofollow noopener\">lui emprunter une partie de son histoire<\/a>. \u00ab\u00a0Il a fond\u00e9 sa rencontre avec la France sur la n\u00e9cessit\u00e9 de sortir des guerres stupides et secondaires. J\u2019essaierai de servir cette r\u00e9conciliation n\u00e9cessaire\u00a0\u00bb dit-il, promettant de briser \u00ab\u00a0le mur de verre\u00a0\u00bb qui s\u2019est constitu\u00e9 entre les \u00e9lites et les citoyens. Il dit aussi\u00a0n\u2019ignorer \u00ab\u00a0rien de l\u2019Himalaya qui se dresse devant nous\u00a0\u00bb \u00e9voquant, d\u00e9j\u00e0, la situation budg\u00e9taire et l\u2019endettement du pays.<\/p>\n<p>Le poids de la dette et le d\u00e9passement des clivages sont toute l\u2019histoire politique du leader centriste. Quand, le lundi 25\u00a0ao\u00fbt 2025, il d\u00e9cide d\u2019engager la confiance de son gouvernement sur cette question budg\u00e9taire, il prend \u00ab\u00a0le risque\u00a0\u00bb de faire la synth\u00e8se de ses deux combats pour provoquer un \u00e9lectrochoc esp\u00e8re-t-il. Son effort \u00e0 44\u00a0milliards d\u2019euros coupl\u00e9 aux mesures d\u2019\u00e9conomie annonc\u00e9es mi-juillet apr\u00e8s la session parlementaire ne font cependant pas l\u2019unanimit\u00e9.<\/p>\n<p>Une communication hasardeuse sinon d\u00e9concertante<\/p>\n<p>En cherchant d\u2019abord \u00e0 ce que ces adversaires politiques fassent un premier pas vers lui en leur faisant reconna\u00eetre l\u2019urgence de la situation, il les a braqu\u00e9s. \u00ab\u00a0On ne va pas s\u2019entendre sur les m\u00e9dicaments d\u2019abord et le diagnostic apr\u00e8s\u00a0\u00bb a-t-il expliqu\u00e9 aux quatre journalistes venus dimanche 31\u00a0ao\u00fbt l\u2019interviewer dans le bureau du premier ministre \u00e0 Matignon pour justifier sa m\u00e9thode. Lui qui a toujours mis en avant sa volont\u00e9 de dialoguer r\u00e9pond pourtant \u00e9tonnamment que les chefs de file des groupes \u00e0 l\u2019Assembl\u00e9e nationale \u00e9taient \u00ab\u00a0en vacances\u00a0\u00bb et que le temps des n\u00e9gociations viendrait apr\u00e8s la confiance.<\/p>\n<p>Comme son expression sur le \u00ab\u00a0confort des boomers\u00a0\u00bb.\u00a0Ces quelques mots ont aussi \u00e9t\u00e9 un exemple d\u2019une communication parfois hasardeuse, sinon d\u00e9concertante. Son d\u00e9placement en jet priv\u00e9, quelques jours apr\u00e8s sa nomination \u00e0 Matignon, pour le conseil municipal de Pau dont il est rest\u00e9 maire avait cr\u00e9\u00e9 la pol\u00e9mique. Surtout en pleine catastrophe sanitaire \u00e0 Mayotte apr\u00e8s le passage de l\u2019ouragan Chido.<\/p>\n<\/p>\n<p>\u00ab\u00a0Il a son style de l\u2019ancien monde, d\u00e9fendait dans La Nouvelle R\u00e9publique son fid\u00e8le lieutenant et pr\u00e9sident du groupe <a target=\"_self\" href=\"https:\/\/www.lanouvellerepublique.fr\/loir-et-cher\/francois-bayrou-a-le-style-de-l-ancien-monde-je-ne-suis-pas-sur-que-ce-soit-un-defaut-marc-fesneau-dresse-le-bilan-d-une-annee-agitee-a-l-assemblee-nationale-1752506465\" rel=\"nofollow noopener\">MoDem \u00e0 l\u2019Assembl\u00e9e nationale, Marc Fesneau<\/a>. Il ne passe pas son temps \u00e0 publier des selfies, il n\u2019insulte pas, il recherche le compromis plut\u00f4t que la confrontation. Je ne suis pas certain que ce soient des d\u00e9fauts.\u00a0\u00bb<\/p>\n<p>M\u00eame s\u2019il a \u00e9chapp\u00e9 \u00e0 <a target=\"_self\" href=\"https:\/\/www.lanouvellerepublique.fr\/a-la-une\/le-premier-ministre-francois-bayrou-echappe-a-sa-huitieme-motion-de-censure-1751395234\" rel=\"nofollow noopener\">huit motions de censure<\/a> au cours de son bail \u00e0 Matignon et r\u00e9ussit \u00e0 faire voter un budget pour la France, Fran\u00e7ois Bayrou avait cependant connu un premier \u00e9cueil dans sa volont\u00e9 de compromis avec <a target=\"_self\" href=\"https:\/\/www.lanouvellerepublique.fr\/a-la-une\/conclave-l-echec-de-la-methode-bayrou-1750878955\" rel=\"nofollow noopener\">l\u2019\u00e9chec du conclave sur les retraites<\/a> qu\u2019il avait initi\u00e9. Sans majorit\u00e9 ni marge de man\u0153uvre \u00e0 l\u2019Assembl\u00e9e nationale, difficile, il est vrai, de peser et de r\u00e9former.<\/p>\n<p>Le B\u00e9arnais a d\u00e8s lors eu recours \u00e0 la technique du saucissonnage pour faire passer certains textes, petit bout par petit bout. En t\u00e9moigne la loi sur la fin de vie initi\u00e9e sous le gouvernement pr\u00e9c\u00e9dent et que le gouvernement actuel avait choisi de scinder en deux \u2013 les soins palliatifs d\u2019un c\u00f4t\u00e9, l\u2019aide active \u00e0 mourir de l\u2019autre \u2013 pour la pr\u00e9senter au d\u00e9bat et au vote de l\u2019h\u00e9micycle. Sont <a target=\"_self\" href=\"https:\/\/www.assemblee-nationale.fr\/dyn\/actualites-accueil-hub\/textes-definitivement-adoptes-pendant-la-session-2024-2025\" rel=\"nofollow noopener\">\u00e0 mettre \u00e0 son cr\u00e9dit<\/a>, cependant, la loi sur la reconstruction de Mayotte apr\u00e8s le passage de l\u2019ouragan Chido et l\u2019adoption de la proposition de loi Paris-Lyon-Marseille, sur la r\u00e9forme du mode de scrutin pour les municipales, <a target=\"_self\" href=\"https:\/\/www.publicsenat.fr\/actualites\/politique\/vote-de-confiance-quel-est-le-bilan-de-francois-bayrou-a-matignon\" rel=\"nofollow noopener\">rappelle <\/a><a target=\"_self\" href=\"https:\/\/www.publicsenat.fr\/actualites\/politique\/vote-de-confiance-quel-est-le-bilan-de-francois-bayrou-a-matignon\" rel=\"nofollow noopener\">Public S\u00e9nat<\/a>.<\/p>\n<p>Le poids de l\u2019affaire B\u00e9tharram<\/p>\n<p>Mais d\u2019autres revers ont \u00e9maill\u00e9 la vie \u00e0 Matignon de Fran\u00e7ois Bayrou. La plus notable est celle de la loi Duplomb face \u00e0 laquelle une p\u00e9tition au succ\u00e8s hors norme a pr\u00e9c\u00e9d\u00e9 une censure de la disposition phare par le Conseil constitutionnel. Malgr\u00e9 la pr\u00e9sence de ministres LR, et notamment \u00e0 l\u2019Int\u00e9rieur avec Bruno Retailleau\u00a0: pas de nouveau texte\u00a0sur l\u2019immigration, celui sur la justice des mineurs rejet\u00e9 et celui l\u2019audiovisuel public stopp\u00e9 net. Et de grands chantiers portant sur les statuts de la Corse ou l\u2019autonomie de la Nouvelle-Cal\u00e9donie restent en suspens.<\/p>\n<p>Enfin, le passage de Fran\u00e7ois Bayrou \u00e0 Matignon a \u00e9t\u00e9 empoisonn\u00e9 par l\u2019affaire B\u00e9tharram du nom de violences envers des \u00e9l\u00e8ves dans un \u00e9tablissement priv\u00e9 du B\u00e9arn dont il a dit de pas \u00eatre au courant. Il a m\u00eame \u00e9t\u00e9 <a target=\"_self\" href=\"https:\/\/www.lanouvellerepublique.fr\/a-la-une\/direct-affaire-betharram-suivez-l-audition-de-francois-bayrou-devant-la-commission-d-enquete-de-l-assemblee-1747234107\" rel=\"nofollow noopener\">auditionn\u00e9 par une commission \u00e0 l\u2019Assembl\u00e9e nationale<\/a> sur le sujet. \u00ab\u00a0B\u00e9tharram \u00e9tait une terrible injustice, a-t-il expliqu\u00e9 samedi 6\u00a0septembre 2025 sur le plateau de C \u00e0 vous. \u00c7a a \u00e9t\u00e9 un combat dur. Pour ma famille, c\u2019\u00e9tait d\u00e9gueulasse. C\u2019est la seule chose difficile que j\u2019ai v\u00e9cue pendant ces neuf mois.\u00a0\u00bb<\/p>\n<p>Cependant, il semble acquis que m\u00eame s\u2019il est renvers\u00e9 lundi 8\u00a0septembre, Fran\u00e7ois Bayrou n\u2019en aura pas fini avec la politique. Il reste maire de Pau et pr\u00e9sident du MoDem et a l\u00e2ch\u00e9, au cours de ses nombreuses interventions m\u00e9diatiques, quelques phrases loin d\u2019\u00eatre anodines. \u00ab\u00a0Quand vous \u00eates renvers\u00e9, <a target=\"_self\" href=\"https:\/\/www.lanouvellerepublique.fr\/a-la-une\/que-commence-la-bagarre-1756665861\" rel=\"nofollow noopener\">c\u2019est l\u00e0 que commence la bagarre<\/a>, la rencontre avec les Fran\u00e7ais\u00a0\u00bb, a-t-il dit dimanche 31\u00a0ao\u00fbt. M\u00eame si vendredi 5\u00a0septembre sur RTL il disait aussi que 2027 n\u2019\u00e9tait pas son objectif, difficile de croire que Fran\u00e7ois Bayrou, d\u00e9j\u00e0 trois fois candidat \u00e0 l\u2019\u00c9lys\u00e9e, ait totalement renonc\u00e9 \u00e0 de nouveau briguer la pr\u00e9sidence de la R\u00e9publique.<\/p>\n<p>Rendez-vous \u00e0 15\u00a0h<\/p>\n<p>Le Parlement est convoqu\u00e9 en session extraordinaire le lundi 8\u00a0septembre 2025. \u00c0 15\u00a0h, au nom du gouvernement, le premier ministre Fran\u00e7ois Bayrou prononcera une d\u00e9claration de politique g\u00e9n\u00e9rale \u00e0 l\u2019issue de laquelle il engagera la responsabilit\u00e9 de son gouvernement. Cette d\u00e9claration sera suivie d\u2019un d\u00e9bat et du vote (en application de l\u2019article\u00a049 alin\u00e9a\u00a01 de la Constitution). Chaque pr\u00e9sident ou membre d\u2019un groupe parlementaire devrait ainsi s\u2019exprimer avant que le premier ministre ne reprenne la parole et que le r\u00e9sultat du vote soit connu.<\/p>\n","protected":false},"excerpt":{"rendered":"Sur le perron de Matignon, ce vendredi 13\u00a0d\u00e9cembre 2024, Fran\u00e7ois Bayrou arrive avec des promesses et un clin&hellip;\n","protected":false},"author":2,"featured_media":374104,"comment_status":"","ping_status":"","sticky":false,"template":"","format":"standard","meta":{"footnotes":""},"categories":[1888],"tags":[328,11,1777,674,1011,27,329,12,626,316,25],"class_list":{"0":"post-374103","1":"post","2":"type-post","3":"status-publish","4":"format-standard","5":"has-post-thumbnail","7":"category-paris","8":"tag-a-la-une","9":"tag-actualites","10":"tag-eu","11":"tag-europe","12":"tag-fr","13":"tag-france","14":"tag-france-monde","15":"tag-news","16":"tag-paris","17":"tag-politique","18":"tag-republique-francaise"},"share_on_mastodon":{"url":"https:\/\/pubeurope.com\/@fr\/115165865167891833","error":""},"_links":{"self":[{"href":"https:\/\/www.europesays.com\/fr\/wp-json\/wp\/v2\/posts\/374103","targetHints":{"allow":["GET"]}}],"collection":[{"href":"https:\/\/www.europesays.com\/fr\/wp-json\/wp\/v2\/posts"}],"about":[{"href":"https:\/\/www.europesays.com\/fr\/wp-json\/wp\/v2\/types\/post"}],"author":[{"embeddable":true,"href":"https:\/\/www.europesays.com\/fr\/wp-json\/wp\/v2\/users\/2"}],"replies":[{"embeddable":true,"href":"https:\/\/www.europesays.com\/fr\/wp-json\/wp\/v2\/comments?post=374103"}],"version-history":[{"count":0,"href":"https:\/\/www.europesays.com\/fr\/wp-json\/wp\/v2\/posts\/374103\/revisions"}],"wp:featuredmedia":[{"embeddable":true,"href":"https:\/\/www.europesays.com\/fr\/wp-json\/wp\/v2\/media\/374104"}],"wp:attachment":[{"href":"https:\/\/www.europesays.com\/fr\/wp-json\/wp\/v2\/media?parent=374103"}],"wp:term":[{"taxonomy":"category","embeddable":true,"href":"https:\/\/www.europesays.com\/fr\/wp-json\/wp\/v2\/categories?post=374103"},{"taxonomy":"post_tag","embeddable":true,"href":"https:\/\/www.europesays.com\/fr\/wp-json\/wp\/v2\/tags?post=374103"}],"curies":[{"name":"wp","href":"https:\/\/api.w.org\/{rel}","templated":true}]}}