{"id":374105,"date":"2025-09-08T00:33:15","date_gmt":"2025-09-08T00:33:15","guid":{"rendered":"https:\/\/www.europesays.com\/fr\/374105\/"},"modified":"2025-09-08T00:33:15","modified_gmt":"2025-09-08T00:33:15","slug":"benoit-saint-denis-raconte-sa-communion-incroyable-avec-le-public-et-son-bonheur-immense-de-combattre-a-lufc-paris-2025","status":"publish","type":"post","link":"https:\/\/www.europesays.com\/fr\/374105\/","title":{"rendered":"Beno\u00eet Saint Denis raconte sa \u00ab\u00a0communion incroyable\u00a0\u00bb avec le public et son \u00ab\u00a0bonheur immense\u00a0\u00bb de combattre \u00e0 l\u2019UFC Paris 2025"},"content":{"rendered":"<p>Invit\u00e9 de Bartoli Time ce dimanche sur RMC, Beno\u00eet Saint Denis a expliqu\u00e9 son lien particulier avec le public de l\u2019Accor Arena, o\u00f9 il a surclass\u00e9 le Br\u00e9silien Mauricio Ruffy en co-main envent de l\u2019UFC Paris 2025. Dans une atmosph\u00e8re volcanique.<\/p>\n<p>Une d\u00e9charge \u00e9lectrique a parcouru les gradins lorsque son visage est apparu sur les \u00e9crans g\u00e9ants de l\u2019Accor Arena. Plong\u00e9e dans la p\u00e9nombre, la salle de Bercy a hurl\u00e9, chant\u00e9 et chaudement applaudi <a href=\"https:\/\/rmcsport.bfmtv.com\/sports-de-combat\/mma\/je-voulais-me-faire-pardonner-benoit-saint-denis-se-confie-apres-sa-performance-magistrale-lors-de-l-ufc-paris-2025_AV-202509070289.html\" title=\"&quot;Je voulais me faire pardonner&quot;, Beno\u00eet Saint Denis se confie apr\u00e8s sa performance magistrale lors de l\u2019UFC Paris 2025\" class=\"internal_link\" rel=\"nofollow noopener\" target=\"_blank\">Beno\u00eet Saint Denis<\/a>, samedi soir, lors de <a href=\"https:\/\/rmcsport.bfmtv.com\/sports-de-combat\/mma\/ufc\/nassour-tu-as-merite-le-tres-bel-echange-entre-imavov-et-saint-denis-les-deux-heros-de-l-ufc-paris-2025_AV-202509070153.html\" title=\"&quot;Nassour, tu as m\u00e9rit\u00e9&quot;, le tr\u00e8s bel \u00e9change entre Imavov et Saint Denis, les deux h\u00e9ros de l\u2019UFC Paris 2025\" class=\"internal_link\" rel=\"nofollow noopener\" target=\"_blank\">l\u2019UFC Paris 2025<\/a>. Oppos\u00e9 au Br\u00e9silien Mauricio Ruffy en co-main event, le combattant fran\u00e7ais de 29 ans a b\u00e9n\u00e9fici\u00e9 d\u2019un soutien massif de la part du public parisien. Sa victoire face au membre des Fighting Nerds, <a href=\"https:\/\/rmcsport.bfmtv.com\/sports-de-combat\/mma\/ufc\/aller-beaucoup-plus-loin-benoit-saint-denis-affiche-ses-grosses-ambitions-apres-sa-belle-victoire-a-l-ufc-paris-2025_AV-202509070110.html\" title=\"&quot;J\u2019ai \u00e9t\u00e9 intelligent&quot;: Beno\u00eet Saint Denis savoure sa victoire et affiche ses grosses ambitions apr\u00e8s l&#039;UFC Paris 2025\" class=\"internal_link\" rel=\"nofollow noopener\" target=\"_blank\">qu\u2019il a soumis au deuxi\u00e8me round<\/a> avec un \u00e9tranglement arri\u00e8re, a d\u00e9clench\u00e9 un brouhaha assourdissant dans le 12e arrondissement de la capitale. Des cinq combattants fran\u00e7ais pr\u00e9sents sur la carte, BSD est celui qui a d\u00e9clench\u00e9 la plus grande ferveur. Assez largement.<\/p>\n<p>\u00ab\u00a0J\u2019ai le bonheur d\u2019avoir cette pression positive\u00a0\u00bb, savoure le fighter de Bayonne, invit\u00e9 de Bartoli Time ce dimanche sur RMC. \u00ab\u00a0Je ne sais pas \u00e0 quoi elle est due. Les gens s\u2019attachent peut-\u00eatre aux histoires et aux parcours des combattants au fur et \u00e0 mesure du temps. Oui, j\u2019ai ce bonheur immense d\u2019avoir une ferveur, une clameur, une communion incroyable avec ce public chaque ann\u00e9e. Mon style explosif joue sans doute aussi.\u00a0\u00bb<\/p>\n<p>\u00ab\u00a0Un public un peu comme on a au foot\u00a0\u00bb<\/p>\n<p>\u00ab\u00a0C\u2019est une pression qui est immense, mais la pression, c\u2019est un privil\u00e8ge parce que \u00e7a veut dire qu\u2019il y a des choses en jeu, des attentes envers toi, du public, du staff et de l\u2019UFC. Donc il faut r\u00e9pondre \u00e0 ces attentes et quel plus beau lieu que Bercy, qui est en \u00e9bullition \u00e0 chaque fois? La sp\u00e9cificit\u00e9 du public fran\u00e7ais dans le monde du MMA, ce qui fait qu\u2019il est \u00e0 part et qu\u2019il est unique au monde, c\u2019est que c\u2019est un public un peu comme on a au foot. Il est tr\u00e8s chauvin, qui est derri\u00e8re chaque Fran\u00e7ais de la premi\u00e8re \u00e0 la derni\u00e8re seconde du combat.\u00a0\u00bb<\/p>\n<p><img decoding=\"async\" src=\"https:\/\/www.europesays.com\/fr\/wp-content\/uploads\/2025\/09\/principale-115_1.jpg\"  alt=\"Bartoli Bastonne... Beno\u00eet Saint-Denis, le chouchou du public fran\u00e7ais \u00e0 l'UFC Paris ! \u2013 07\/09\" title=\"Bartoli Bastonne... Beno\u00eet Saint-Denis, le chouchou du public fran\u00e7ais \u00e0 l'UFC Paris ! \u2013 07\/09\"\/>Bartoli Bastonne&#8230; Beno\u00eet Saint-Denis, le chouchou du public fran\u00e7ais \u00e0 l&rsquo;UFC Paris ! \u2013 07\/09<\/p>\n<p>Un an apr\u00e8s son calvaire face \u00e0 Renato Moicano en main event de l\u2019UFC Paris 2024, o\u00f9 il avait fini le visage d\u00e9figur\u00e9, Beno\u00eet Saint Denis a confirm\u00e9 son retour au premier plan, initi\u00e9 en mai dernier lors de son succ\u00e8s face au Canadien Kyle Prepolec \u00e0 Montr\u00e9al: \u00ab\u00a0Je voulais me faire pardonner d\u2019avoir fait, je pense, le pire combat de ma carri\u00e8re l\u2019ann\u00e9e derni\u00e8re \u00e0 Paris. Clairement. Pour plein de raisons diff\u00e9rentes, notamment le fait d\u2019avoir \u00e9t\u00e9 mon propre coach, c\u2019est un truc qui ne marche pas. \u00c7a fait plus de six mois que je travaille avec un coach (Nicolas Ott) qui me fait faire des choses que je n\u2019aime peut-\u00eatre pas au quotidien, qui me remet dans le dur et qui m\u2019a aid\u00e9 \u00e0 me remettre dans le chemin de la concentration \u00e0 100% sur le fait de devenir le meilleur combattant possible. C\u2019est \u00e7a qui t\u2019am\u00e8ne au sommet et pas autre chose.\u00a0\u00bb<\/p>\n","protected":false},"excerpt":{"rendered":"Invit\u00e9 de Bartoli Time ce dimanche sur RMC, Beno\u00eet Saint Denis a expliqu\u00e9 son lien particulier avec le&hellip;\n","protected":false},"author":2,"featured_media":374106,"comment_status":"","ping_status":"","sticky":false,"template":"","format":"standard","meta":{"footnotes":""},"categories":[1888],"tags":[11,1777,674,1011,27,12,626,25],"class_list":{"0":"post-374105","1":"post","2":"type-post","3":"status-publish","4":"format-standard","5":"has-post-thumbnail","7":"category-paris","8":"tag-actualites","9":"tag-eu","10":"tag-europe","11":"tag-fr","12":"tag-france","13":"tag-news","14":"tag-paris","15":"tag-republique-francaise"},"share_on_mastodon":{"url":"https:\/\/pubeurope.com\/@fr\/115165869111479279","error":""},"_links":{"self":[{"href":"https:\/\/www.europesays.com\/fr\/wp-json\/wp\/v2\/posts\/374105","targetHints":{"allow":["GET"]}}],"collection":[{"href":"https:\/\/www.europesays.com\/fr\/wp-json\/wp\/v2\/posts"}],"about":[{"href":"https:\/\/www.europesays.com\/fr\/wp-json\/wp\/v2\/types\/post"}],"author":[{"embeddable":true,"href":"https:\/\/www.europesays.com\/fr\/wp-json\/wp\/v2\/users\/2"}],"replies":[{"embeddable":true,"href":"https:\/\/www.europesays.com\/fr\/wp-json\/wp\/v2\/comments?post=374105"}],"version-history":[{"count":0,"href":"https:\/\/www.europesays.com\/fr\/wp-json\/wp\/v2\/posts\/374105\/revisions"}],"wp:featuredmedia":[{"embeddable":true,"href":"https:\/\/www.europesays.com\/fr\/wp-json\/wp\/v2\/media\/374106"}],"wp:attachment":[{"href":"https:\/\/www.europesays.com\/fr\/wp-json\/wp\/v2\/media?parent=374105"}],"wp:term":[{"taxonomy":"category","embeddable":true,"href":"https:\/\/www.europesays.com\/fr\/wp-json\/wp\/v2\/categories?post=374105"},{"taxonomy":"post_tag","embeddable":true,"href":"https:\/\/www.europesays.com\/fr\/wp-json\/wp\/v2\/tags?post=374105"}],"curies":[{"name":"wp","href":"https:\/\/api.w.org\/{rel}","templated":true}]}}