{"id":374122,"date":"2025-09-08T00:42:11","date_gmt":"2025-09-08T00:42:11","guid":{"rendered":"https:\/\/www.europesays.com\/fr\/374122\/"},"modified":"2025-09-08T00:42:11","modified_gmt":"2025-09-08T00:42:11","slug":"coupe-du-monde-feminine-2025-les-bleues-defieront-lirlande-le-tableau-complet-de-la-phase-finale-du-mondial","status":"publish","type":"post","link":"https:\/\/www.europesays.com\/fr\/374122\/","title":{"rendered":"Coupe du monde f\u00e9minine 2025 \u2013 Les Bleues d\u00e9fieront l\u2019Irlande\u2026 Le tableau complet de la phase finale du Mondial"},"content":{"rendered":"<p>\n                La phase de poules de la Coupe du monde en Angleterre est termin\u00e9e. En \u00e9crasant l\u2019Afrique du Sud, les Bleues ont r\u00e9alis\u00e9 un sans-faute et sont qualifi\u00e9es pour les quarts de finale. D\u00e9couvrez toutes les affiches de la phase finale.\n            <\/p>\n<p>Le r\u00eave se poursuit pour les Tricolores. D\u00e9j\u00e0 qualifi\u00e9es avant m\u00eame leur dernier match de poule, les Fran\u00e7aises ont battu l\u2019Afrique du Sud (57-10) pour terminer en t\u00eate du groupe D. Un succ\u00e8s qui leur permet d\u2019\u00e9viter les N\u00e9o-Z\u00e9landaises en quart de finale. Par cons\u00e9quent, elles d\u00e9fieront l\u2019Irlande, qui a perdu sa \u00ab\u00a0petite finale\u00a0\u00bb face aux\u00a0Black Ferns.<\/p>\n<p>Pour rappel, il y avait quatre poules de quatre \u00e9quipes dans cette Coupe du monde en Angleterre. Les deux premi\u00e8res nations se qualifiaient pour la phase finale. Le premier du A croisait avec le deuxi\u00e8me du groupe B, et m\u00eame chose pour les deux autres groupes.<\/p>\n<p>Ceci \u00e9tant pos\u00e9, on conna\u00eet d\u00e9sormais les quatre affiches des quarts de finale. Grande favorite \u00e0 la victoire finale, l\u2019Angleterre affrontera l\u2019\u00c9cosse, tandis que l\u2019Australie tentera de d\u00e9jouer les pronostics face aux Canadiennes. La Nouvelle-Z\u00e9lande d\u00e9fiera l\u2019Afrique du Sud, et les Bleues joueront face \u00e0 l\u2019Irlande pour tenter de rejoindre le dernier carr\u00e9. Lors du dernier Tournoi des 6 Nations, les co\u00e9quipi\u00e8res de Pauline Bourdon-Sansus s\u2019\u00e9taient impos\u00e9es 27 \u00e0 15 en Irlande.<\/p>\n<p>Les affiches des quarts de finale<\/p>\n<ul>\n<li>Nouvelle-Z\u00e9lande \u2013 Afrique du Sud\u00a0: samedi 13\u00a0septembre (Exeter) \u00e0 14\u00a0heures (France TV \u2013 TF1)<\/li>\n<li>Canada \u2013 Australie\u00a0: samedi 13\u00a0septembre (Bristol) \u00e0 17\u00a0heures (France TV \u2013 TF1)<\/li>\n<li><strong>France <\/strong>\u2013 Irlande\u00a0: dimanche 14\u00a0septembre (Exeter) \u00e0 14\u00a0heures (France TV \u2013 TF1)<\/li>\n<li>Angleterre \u2013 \u00c9cosse\u00a0: dimanche 14\u00a0septembre (Bristol) \u00e0 17\u00a0heures (France TV \u2013 TF1)<\/li>\n<\/ul>\n<p>Les potentielles demi-finales<\/p>\n<ul>\n<li>Vainqueur QDF 1 \u2013 Vainqueur QDF 2\u00a0: vendredi 19\u00a0septembre (Bristol) \u00e0 20\u00a0heures (France TV \u2013 TF1)<\/li>\n<li>Vainqueur QDF 3 \u2013 Vainqueur QDF 4\u00a0: samedi 20\u00a0septembre (Birstol) \u00e0 16h30 (France TV \u2013 TF1)<\/li>\n<\/ul>\n<p>En cas de victoire en quart de finale face \u00e0 l\u2019Irlande, les Bleues affronteront l\u2019Angleterre ou l\u2019\u00c9cosse.<\/p>\n","protected":false},"excerpt":{"rendered":"La phase de poules de la Coupe du monde en Angleterre est termin\u00e9e. En \u00e9crasant l\u2019Afrique du Sud,&hellip;\n","protected":false},"author":2,"featured_media":374123,"comment_status":"","ping_status":"","sticky":false,"template":"","format":"standard","meta":{"footnotes":""},"categories":[2],"tags":[11,1011,27,12,25],"class_list":{"0":"post-374122","1":"post","2":"type-post","3":"status-publish","4":"format-standard","5":"has-post-thumbnail","7":"category-actualites","8":"tag-actualites","9":"tag-fr","10":"tag-france","11":"tag-news","12":"tag-republique-francaise"},"share_on_mastodon":{"url":"https:\/\/pubeurope.com\/@fr\/115165904511351205","error":""},"_links":{"self":[{"href":"https:\/\/www.europesays.com\/fr\/wp-json\/wp\/v2\/posts\/374122","targetHints":{"allow":["GET"]}}],"collection":[{"href":"https:\/\/www.europesays.com\/fr\/wp-json\/wp\/v2\/posts"}],"about":[{"href":"https:\/\/www.europesays.com\/fr\/wp-json\/wp\/v2\/types\/post"}],"author":[{"embeddable":true,"href":"https:\/\/www.europesays.com\/fr\/wp-json\/wp\/v2\/users\/2"}],"replies":[{"embeddable":true,"href":"https:\/\/www.europesays.com\/fr\/wp-json\/wp\/v2\/comments?post=374122"}],"version-history":[{"count":0,"href":"https:\/\/www.europesays.com\/fr\/wp-json\/wp\/v2\/posts\/374122\/revisions"}],"wp:featuredmedia":[{"embeddable":true,"href":"https:\/\/www.europesays.com\/fr\/wp-json\/wp\/v2\/media\/374123"}],"wp:attachment":[{"href":"https:\/\/www.europesays.com\/fr\/wp-json\/wp\/v2\/media?parent=374122"}],"wp:term":[{"taxonomy":"category","embeddable":true,"href":"https:\/\/www.europesays.com\/fr\/wp-json\/wp\/v2\/categories?post=374122"},{"taxonomy":"post_tag","embeddable":true,"href":"https:\/\/www.europesays.com\/fr\/wp-json\/wp\/v2\/tags?post=374122"}],"curies":[{"name":"wp","href":"https:\/\/api.w.org\/{rel}","templated":true}]}}