{"id":374126,"date":"2025-09-08T00:45:12","date_gmt":"2025-09-08T00:45:12","guid":{"rendered":"https:\/\/www.europesays.com\/fr\/374126\/"},"modified":"2025-09-08T00:45:12","modified_gmt":"2025-09-08T00:45:12","slug":"volley-les-italiennes-realisent-le-double-jo-mondial","status":"publish","type":"post","link":"https:\/\/www.europesays.com\/fr\/374126\/","title":{"rendered":"Volley : les Italiennes r\u00e9alisent le doubl\u00e9 JO-Mondial"},"content":{"rendered":"<p>Les volleyeuses italiennes ont remport\u00e9 leur deuxi\u00e8me titre mondial moins d&rsquo;un an apr\u00e8s leur sacre olympique, en battant en finale la Turquie au bout d&rsquo;un bras de fer magnifique (3-2: 25-23, 13-25, 26-24, 19-25, 15-8) ce dimanche \u00e0 Bangkok.<\/p>\n<p>La <b><a href=\"https:\/\/www.flashscore.fr\/equipe\/italie\/WOxNzHzR\/\" target=\"_blank\" rel=\"nofollow noopener\">Nazionale<\/a><\/b> monte sur le toit du monde pour la deuxi\u00e8me fois apr\u00e8s 2002, gr\u00e2ce \u00e0 sa g\u00e9n\u00e9ration dor\u00e9e men\u00e9e par <b><a href=\"https:\/\/www.flashscore.fr\/joueur\/egonu-paola\/bR3SLD9f\/\" target=\"_blank\" rel=\"nofollow noopener\">Paola Egonu<\/a> <\/b>(22 pts dont 3 contres) et \u00e0 l&rsquo;entra\u00eeneur <b>Julio Velasco<\/b>.<\/p>\n<p>Apr\u00e8s avoir d\u00e9croch\u00e9 deux titres mondiaux dans les ann\u00e9es 1990 avec la s\u00e9lection masculine italienne, l&rsquo;Argentin d&rsquo;origine, \u00e2g\u00e9 de 73 ans, a apport\u00e9 \u00e0 son homologue f\u00e9minine deux m\u00e9dailles d&rsquo;or cons\u00e9cutives. Alors qu&rsquo;il l&rsquo;avait prise en main, en pleine crise, quelques mois avant les <b>Jeux olympiques de Paris<\/b>.<\/p>\n<p>En plus de ces deux m\u00e9dailles d&rsquo;or, il a garni l&rsquo;armoire \u00e0 troph\u00e9e de deux <b>Ligues des nations<\/b>.<\/p>\n<p>Apr\u00e8s renvers\u00e9 le <b><a href=\"https:\/\/www.flashscore.fr\/equipe\/bresil\/hYwJycLK\/\" target=\"_blank\" rel=\"nofollow noopener\">Br\u00e9sil<\/a><\/b> en demi-finales (3-2 apr\u00e8s avoir \u00e9t\u00e9 men\u00e9es 1-0 puis 2-1), ses joueuses ont r\u00e9sist\u00e9 au retour des <b>Turques<\/b> de <b><a href=\"https:\/\/www.flashscore.fr\/joueur\/vargas-melissa\/ITZaqFn6\/\" target=\"_blank\" rel=\"nofollow noopener\">Melissa Vargas<\/a><\/b> (28 pts dont 4 aces), championnes d&rsquo;Europe en titre et qui disputaient elles leur premi\u00e8re finale mondiale.<\/p>\n<p>Les <b>Italiennes<\/b> ont fait parler leur exp\u00e9rience dans le tie-break, qu&rsquo;elles ont ma\u00eetris\u00e9 apr\u00e8s un d\u00e9part poussif (0-2 puis 4-6), notamment gr\u00e2ce \u00e0 leur sup\u00e9riorit\u00e9 au contre (5 dont deux chacune pour <b><a href=\"https:\/\/www.flashscore.fr\/joueur\/antropova-ekaterina\/AkGB3KnM\/\" target=\"_blank\" rel=\"nofollow noopener\">Ekaterina Antropova<\/a><\/b> et <b><a href=\"https:\/\/www.flashscore.fr\/joueur\/sylla-miryam\/8znxUy2E\/\" target=\"_blank\" rel=\"nofollow noopener\">Myriam Sylla<\/a><\/b>).<\/p>\n<p>Le <b>Br\u00e9sil<\/b> est, lui, mont\u00e9 sur le podium, comme aux <b>JO 2024<\/b>, en dominant le <b><a href=\"https:\/\/www.flashscore.fr\/equipe\/japon\/YotoKc6R\/\" target=\"_blank\" rel=\"nofollow noopener\">Japon<\/a><\/b>, \u00e9galement au tie-break (25-12, 25-17, 19-25, 27-29, 18-16).<\/p>\n","protected":false},"excerpt":{"rendered":"Les volleyeuses italiennes ont remport\u00e9 leur deuxi\u00e8me titre mondial moins d&rsquo;un an apr\u00e8s leur sacre olympique, en battant&hellip;\n","protected":false},"author":2,"featured_media":374127,"comment_status":"","ping_status":"","sticky":false,"template":"","format":"standard","meta":{"footnotes":""},"categories":[1417],"tags":[1011,27,60,1470,1469],"class_list":{"0":"post-374126","1":"post","2":"type-post","3":"status-publish","4":"format-standard","5":"has-post-thumbnail","7":"category-volley","8":"tag-fr","9":"tag-france","10":"tag-sports","11":"tag-volley","12":"tag-volleyball"},"share_on_mastodon":{"url":"https:\/\/pubeurope.com\/@fr\/115165916208258064","error":""},"_links":{"self":[{"href":"https:\/\/www.europesays.com\/fr\/wp-json\/wp\/v2\/posts\/374126","targetHints":{"allow":["GET"]}}],"collection":[{"href":"https:\/\/www.europesays.com\/fr\/wp-json\/wp\/v2\/posts"}],"about":[{"href":"https:\/\/www.europesays.com\/fr\/wp-json\/wp\/v2\/types\/post"}],"author":[{"embeddable":true,"href":"https:\/\/www.europesays.com\/fr\/wp-json\/wp\/v2\/users\/2"}],"replies":[{"embeddable":true,"href":"https:\/\/www.europesays.com\/fr\/wp-json\/wp\/v2\/comments?post=374126"}],"version-history":[{"count":0,"href":"https:\/\/www.europesays.com\/fr\/wp-json\/wp\/v2\/posts\/374126\/revisions"}],"wp:featuredmedia":[{"embeddable":true,"href":"https:\/\/www.europesays.com\/fr\/wp-json\/wp\/v2\/media\/374127"}],"wp:attachment":[{"href":"https:\/\/www.europesays.com\/fr\/wp-json\/wp\/v2\/media?parent=374126"}],"wp:term":[{"taxonomy":"category","embeddable":true,"href":"https:\/\/www.europesays.com\/fr\/wp-json\/wp\/v2\/categories?post=374126"},{"taxonomy":"post_tag","embeddable":true,"href":"https:\/\/www.europesays.com\/fr\/wp-json\/wp\/v2\/tags?post=374126"}],"curies":[{"name":"wp","href":"https:\/\/api.w.org\/{rel}","templated":true}]}}