{"id":374130,"date":"2025-09-08T00:48:09","date_gmt":"2025-09-08T00:48:09","guid":{"rendered":"https:\/\/www.europesays.com\/fr\/374130\/"},"modified":"2025-09-08T00:48:09","modified_gmt":"2025-09-08T00:48:09","slug":"frederic-fauthoux-cela-fait-mal","status":"publish","type":"post","link":"https:\/\/www.europesays.com\/fr\/374130\/","title":{"rendered":"Fr\u00e9d\u00e9ric Fauthoux : \u00ab\u00a0cela fait mal\u00a0\u00bb"},"content":{"rendered":"<p><strong>Qu\u2019a-t-il manqu\u00e9 \u00e0 l\u2019\u00c9quipe de France ce soir ?<\/strong><\/p>\n<p>L\u2019entame de match n\u2019a pas \u00e9t\u00e9 dans ce qu\u2019on attendait dans l\u2019intensit\u00e9. C\u2019est la premi\u00e8re fois depuis le d\u00e9but de la comp\u00e9tition qu\u2019on a laiss\u00e9 autant de p\u00e9n\u00e9trations. C\u2019est une grosse d\u00e9ception parce qu\u2019on ne s\u2019est pas mis dans l\u2019intensit\u00e9 n\u00e9cessaire pour faire un match de cette importance. On court derri\u00e8re le score en permanence. Les G\u00e9orgiens ont marqu\u00e9 des tirs de tr\u00e8s haut niveau \u00e0 la fin des 24 secondes. Ils \u00e9taient dans le rythme, en confiance et nous n\u2019avons jamais r\u00e9ussi \u00e0 avoir cette confiance. Nos joueurs ne trichent pas. Ils ont donn\u00e9 ce qui \u00e9tait n\u00e9cessaire. Ils voulaient. Durant toute la comp\u00e9tition je trouve que les gars se sont accroch\u00e9s, avec l\u2019\u00e9tat d\u2019esprit qu\u2019il fallait. Mais le basket il faut mettre le ballon dans le cercle. La G\u00e9orgie a mis 80 points avec des paniers au buzzer r\u00e9guli\u00e8rement ou des fautes. Les tirs ouverts on ne les a pas mis.\u00a0<\/p>\n<p><strong>Comment expliquez-vous la terrible maladresse \u00e0 trois-points ?<\/strong><\/p>\n<p>Il faut aussi poser la question aux joueurs. On essaye de les mettre en confiance, de les rassurer. Je prends ma part de responsabilit\u00e9. La responsabilit\u00e9 du staff est aussi importante que celle des joueurs. On se pose des questions apr\u00e8s chaque match. J\u2019aurais pu mettre dans le confort certains joueurs plus t\u00f4t, faire des choix plus forts plus t\u00f4t. Ils ont \u00e9t\u00e9 faits sur certains matches et cela a bien march\u00e9. Je ne pense pas que le fait de partir avec quatre int\u00e9rieurs \u00e9tait trop risqu\u00e9. Ce n\u2019est pas l\u00e0 qu\u2019on a p\u00each\u00e9. Quand on regarde la Finlande, la Lituanie, l\u2019Italie et d\u2019autres, combien ont-ils d\u2019int\u00e9rieurs ? En France on fait la diff\u00e9rence parce qu\u2019on a des joueurs que les autres nations n\u2019ont pas. C\u2019est l\u00e0 que nous sommes tr\u00e8s forts. Quand on ne peut pas les utiliser on redevient une nation comme les autres. Et on doit changer ce que l\u2019on fait depuis quelques temps. Ce soir on domine le rebond, on ne se fait pas trop enfoncer sur les post-up \u00e0 part sur quelques s\u00e9quences par Shengelia. Le choix \u00e9tait pes\u00e9, mesur\u00e9. Il faut admettre qu\u2019il nous a manqu\u00e9 un petit brin de chance. On se pose 1000 questions. Nous avons eu deux matches plus faciles avec de l\u2019\u00e9cart. La G\u00e9orgie sort d\u2019un groupe \u00e0 la vie \u00e0 la mort \u00e0 chaque match. Peut-\u00eatre ont-ils construit un collectif et un groupe plus solide dans la difficult\u00e9 que nous ?\u00a0<\/p>\n<p><strong>Estimez-vous que les absences ont pes\u00e9 ?<\/strong><\/p>\n<p>Il a fallu r\u00e9\u00e9quilibrer l\u2019\u00e9quipe apr\u00e8s le match \u00e0 Ath\u00e8nes. Nous avons toujours \u00e9t\u00e9 en train de reconstruire et jusqu\u2019au bout avec Alexandre Sarr qui nous quitte alors qu\u2019il venait de faire son meilleur match. Tout \u00e7a accumul\u00e9, c\u2019\u00e9tait peut-\u00eatre trop dur pour nous tous. Les forfaits en cours de route ont \u00e9t\u00e9 difficiles. On construisait quelque chose de sympa. De l\u00e0 \u00e0 aller tr\u00e8s loin je ne sais pas\u2026 Mais ils nous font mal. Quand on demande de hi\u00e9rarchiser t\u00f4t je suis d\u2019accord mais il faut avoir tout le monde pour profiter des semaines qu\u2019on a eues. Ensuite il y a l\u2019inexp\u00e9rience de la gestion \u00e9motionnelle de ces matches. Mais les gars ont mouill\u00e9 le maillot et je suis d\u00e9\u00e7u pour le basket fran\u00e7ais. On voulait mieux faire et j\u2019esp\u00e8re qu\u2019on se servira de \u00e7a pour \u00eatre meilleurs sur les prochaines comp\u00e9titions.<\/p>\n<p><strong>Quel a \u00e9t\u00e9 votre sentiment en fin de match ?<\/strong><\/p>\n<p>A 30 secondes de la fin, j\u2019ai ressenti de la d\u00e9ception. Des regrets. Cela fait mal. Je connais l\u2019attente de tous ceux qui aiment le basket chez nous. Je souffre pour eux. Je pense \u00e0 tous ces b\u00e9n\u00e9voles qui aiment le basket, les professionnels qui aiment le basket. C\u2019est un \u00e9chec qu\u2019il faudra assumer.\u00a0<\/p>\n","protected":false},"excerpt":{"rendered":"Qu\u2019a-t-il manqu\u00e9 \u00e0 l\u2019\u00c9quipe de France ce soir ? L\u2019entame de match n\u2019a pas \u00e9t\u00e9 dans ce qu\u2019on&hellip;\n","protected":false},"author":2,"featured_media":374131,"comment_status":"","ping_status":"","sticky":false,"template":"","format":"standard","meta":{"footnotes":""},"categories":[1414],"tags":[1465,1464,1011,27,60],"class_list":{"0":"post-374130","1":"post","2":"type-post","3":"status-publish","4":"format-standard","5":"has-post-thumbnail","7":"category-basket","8":"tag-basket","9":"tag-basketball","10":"tag-fr","11":"tag-france","12":"tag-sports"},"share_on_mastodon":{"url":"https:\/\/pubeurope.com\/@fr\/115165928273470278","error":""},"_links":{"self":[{"href":"https:\/\/www.europesays.com\/fr\/wp-json\/wp\/v2\/posts\/374130","targetHints":{"allow":["GET"]}}],"collection":[{"href":"https:\/\/www.europesays.com\/fr\/wp-json\/wp\/v2\/posts"}],"about":[{"href":"https:\/\/www.europesays.com\/fr\/wp-json\/wp\/v2\/types\/post"}],"author":[{"embeddable":true,"href":"https:\/\/www.europesays.com\/fr\/wp-json\/wp\/v2\/users\/2"}],"replies":[{"embeddable":true,"href":"https:\/\/www.europesays.com\/fr\/wp-json\/wp\/v2\/comments?post=374130"}],"version-history":[{"count":0,"href":"https:\/\/www.europesays.com\/fr\/wp-json\/wp\/v2\/posts\/374130\/revisions"}],"wp:featuredmedia":[{"embeddable":true,"href":"https:\/\/www.europesays.com\/fr\/wp-json\/wp\/v2\/media\/374131"}],"wp:attachment":[{"href":"https:\/\/www.europesays.com\/fr\/wp-json\/wp\/v2\/media?parent=374130"}],"wp:term":[{"taxonomy":"category","embeddable":true,"href":"https:\/\/www.europesays.com\/fr\/wp-json\/wp\/v2\/categories?post=374130"},{"taxonomy":"post_tag","embeddable":true,"href":"https:\/\/www.europesays.com\/fr\/wp-json\/wp\/v2\/tags?post=374130"}],"curies":[{"name":"wp","href":"https:\/\/api.w.org\/{rel}","templated":true}]}}